{"id":3061,"date":"2019-11-22T13:13:49","date_gmt":"2019-11-22T12:13:49","guid":{"rendered":"https:\/\/blogs.elnortedecastilla.es\/vicentealvarez\/?p=3061"},"modified":"2019-11-22T13:13:49","modified_gmt":"2019-11-22T12:13:49","slug":"melancolia-i","status":"publish","type":"post","link":"https:\/\/blogs.elnortedecastilla.es\/vicentealvarez\/2019\/11\/22\/melancolia-i\/","title":{"rendered":"MELANCOL\u00cdA I"},"content":{"rendered":"<p><a href=\"https:\/\/static-blogs.elnortedecastilla.es\/wp-content\/uploads\/sites\/3\/2019\/11\/melancolia.jpg\"><img loading=\"lazy\" class=\"alignleft size-medium wp-image-3062\" src=\"https:\/\/static-blogs.elnortedecastilla.es\/wp-content\/uploads\/sites\/3\/2019\/11\/melancolia-233x300.jpg\" alt=\"\" width=\"233\" height=\"300\" srcset=\"https:\/\/static-blogs.elnortedecastilla.es\/wp-content\/uploads\/sites\/3\/2019\/11\/melancolia-233x300.jpg 233w, https:\/\/static-blogs.elnortedecastilla.es\/wp-content\/uploads\/sites\/3\/2019\/11\/melancolia.jpg 473w\" sizes=\"(max-width: 233px) 100vw, 233px\" \/><\/a>Publicado en El Norte de Castilla el 22 de noviembre de 2019<\/p>\n<p><span style=\"font-size: 14pt; color: #800080;\">Poco antes de su muerte Durero escribi\u00f3: \u201cQu\u00e9 es o sea la belleza, lo ignoro. Nadie puede saberlo, sino Dios\u201d. Parec\u00eda describir a la perfecci\u00f3n una de las obras m\u00e1s enigm\u00e1ticas y fascinantes de toda la historia. Si la exquisitez y el misterio tienen nombre en el mundo del grabado no es otro que \u201cMelancol\u00eda I\u201d, la obra maestra de Durero. Nadie sabe lo que hay detr\u00e1s de esa figura de mujer-\u00e1ngel con la cabeza apoyada en su mano izquierda y la mirada perdida. Rodeada de herramientas de carpinter\u00eda y arquitectura, de un tintero, una balanza, una esfera, un poliedro, una escalera o un reloj de arena entre otros elementos. Por all\u00ed anda un angelote trist\u00f3n y un perro fam\u00e9lico. Y, por supuesto, el famoso cuadrado m\u00e1gico cuyas cifras le\u00eddas en cualquier sentido suman 34. Algunos hablan de que esta obra se concibi\u00f3 bajo el sentimiento de duelo por la p\u00e9rdida de su madre (el a\u00f1o de su muerte, 1514, aparece en el cuadrado m\u00e1gico), pero son m\u00e1s los que piensan que estamos ante el desasosiego del artista atormentado por la belleza y por la desesperaci\u00f3n al no poder alcanzarla. Buscar la belleza es lo \u00fanico que merece la pena en este asqueroso mundo pero tambi\u00e9n es el camino m\u00e1s corto para que el artista caiga sumido en una total y absoluta melancol\u00eda. En el orden aristot\u00e9lico la melancol\u00eda significa genialidad y ning\u00fan ejemplo mejor de melancol\u00eda y genio que este autorretrato intelectual de Durero, el m\u00e1s importante artista europeo del Renacimiento fuera de Italia, el que supo difundir un lenguaje nuevo en el norte de Europa, el \u00fanico comparable, por su obra art\u00edstica y te\u00f3rica, a Leonardo da Vinci. Alguien que se sirvi\u00f3 del grabado y la reci\u00e9n inventada imprenta para difundir, con absoluta libertad creativa, su obra. Una obra \u00fanica y excepcional sin parang\u00f3n en el mundo del grabado, con una b\u00fasqueda constante de la belleza absoluta, con una minuciosidad y una destreza \u00fanica, con una precisi\u00f3n microsc\u00f3pica en los detalles m\u00e1s min\u00fasculos, con una delicadeza y sutilidad superlativas y con una total maestr\u00eda en el uso de la xilograf\u00eda, el buril o el aguafuerte (consiguiendo alucinantes efectos de claroscuro) del que aprender\u00e1n artistas como Rembrandt o Goya. Todo ello lo podemos admirar en la magn\u00edfica exposici\u00f3n \u201cDurero. El artista y su tiempo\u201d, en la Sala del Museo de la Pasi\u00f3n. All\u00ed, entre otros 70 sublimes grabados, nos encontraremos con esa \u201cMelancol\u00eda I\u201d o la eterna lucha del creador buscando el secreto de la belleza absoluta.<\/span><\/p>\n","protected":false},"excerpt":{"rendered":"<p>Publicado en El Norte de Castilla el 22 de noviembre de 2019 Poco antes de su muerte Durero escribi\u00f3: \u201cQu\u00e9 es o sea la belleza, lo ignoro. Nadie puede saberlo, sino Dios\u201d. Parec\u00eda describir a la perfecci\u00f3n una de las obras m\u00e1s enigm\u00e1ticas y fascinantes de toda la historia. Si la exquisitez y el misterio [&hellip;]<\/p>\n","protected":false},"author":4,"featured_media":0,"comment_status":"open","ping_status":"open","sticky":false,"template":"","format":"standard","meta":[],"categories":[7],"tags":[],"_links":{"self":[{"href":"https:\/\/blogs.elnortedecastilla.es\/vicentealvarez\/wp-json\/wp\/v2\/posts\/3061"}],"collection":[{"href":"https:\/\/blogs.elnortedecastilla.es\/vicentealvarez\/wp-json\/wp\/v2\/posts"}],"about":[{"href":"https:\/\/blogs.elnortedecastilla.es\/vicentealvarez\/wp-json\/wp\/v2\/types\/post"}],"author":[{"embeddable":true,"href":"https:\/\/blogs.elnortedecastilla.es\/vicentealvarez\/wp-json\/wp\/v2\/users\/4"}],"replies":[{"embeddable":true,"href":"https:\/\/blogs.elnortedecastilla.es\/vicentealvarez\/wp-json\/wp\/v2\/comments?post=3061"}],"version-history":[{"count":1,"href":"https:\/\/blogs.elnortedecastilla.es\/vicentealvarez\/wp-json\/wp\/v2\/posts\/3061\/revisions"}],"predecessor-version":[{"id":3063,"href":"https:\/\/blogs.elnortedecastilla.es\/vicentealvarez\/wp-json\/wp\/v2\/posts\/3061\/revisions\/3063"}],"wp:attachment":[{"href":"https:\/\/blogs.elnortedecastilla.es\/vicentealvarez\/wp-json\/wp\/v2\/media?parent=3061"}],"wp:term":[{"taxonomy":"category","embeddable":true,"href":"https:\/\/blogs.elnortedecastilla.es\/vicentealvarez\/wp-json\/wp\/v2\/categories?post=3061"},{"taxonomy":"post_tag","embeddable":true,"href":"https:\/\/blogs.elnortedecastilla.es\/vicentealvarez\/wp-json\/wp\/v2\/tags?post=3061"}],"curies":[{"name":"wp","href":"https:\/\/api.w.org\/{rel}","templated":true}]}}