{"id":31,"date":"2006-12-28T21:44:00","date_gmt":"2006-12-28T21:44:00","guid":{"rendered":"http:\/\/blogs.elnortedecastilla.es\/vicentealvarez\/?p=31"},"modified":"2006-12-28T21:44:00","modified_gmt":"2006-12-28T21:44:00","slug":"sobre-poligrafos-e-inocentadas","status":"publish","type":"post","link":"https:\/\/blogs.elnortedecastilla.es\/vicentealvarez\/2006\/12\/28\/sobre-poligrafos-e-inocentadas\/","title":{"rendered":"SOBRE POL\u00cdGRAFOS E INOCENTADAS"},"content":{"rendered":"<p><em>Publicado en El Norte de Castilla el 28 de diciembre de 2006<\/em><br \/>\nAl parecer, las tardes se han llenado de pol\u00edgrafos. Me lo hab\u00edan comentado, pero solo fue hace una semana cuando tuve la oportunidad de verlo con mis propios ojos. El otro d\u00eda enchufaron los cables a un ser inenarrable conocido en el mundo de los programas basura del coraz\u00f3n como Paco Porras, cuya caracter\u00edstica m\u00e1s relevante es que tiene la cara m\u00e1s dura que el &#8216;wonderbra&#8217; de la Dama de Elche, algo que no le ha impedido seguir estrujando la teta de la vaca televisiva con particular aprovechamiento. La presentadora del espacio en cuesti\u00f3n intent\u00f3 hacerle una serie de preguntas a las que el invitado de peinado a lo &#8216;pr\u00edncipe valiente&#8217; deb\u00eda responder con un sencillo &#8216;s\u00ed&#8217; o &#8216;no&#8217;. Le result\u00f3 imposible, seguramente por dos motivos: 1) porque no entend\u00eda lo que le dec\u00edan; y 2) porque ten\u00eda que mentir m\u00e1s que Sara Montiel el d\u00eda de su cumplea\u00f1os. Tan solo a la pregunta de si se hab\u00eda acostado con cierta cantante estrafalaria contest\u00f3 de manera tajante. Fue entonces, y solo entonces, cuando solt\u00f3 un rotundo \u00abno\u00bb ante el cachondeo generalizado del p\u00fablico ya que, al parecer, no son precisamente las mujeres lo que m\u00e1s le ponen. Sin embargo, nuestro Paco de las entretelas se defendi\u00f3 como gato panza arriba diciendo que \u00e9l era pansexual: algo que tiene sentido ya que un pan (un lechuguino o una baguette, por ejemplo) no le har\u00eda ascos a papirote semejante. Como testigos de la patochada, gente del calibre intelectual de Karmele Marchante, Mila Xim\u00e9nez o Kiko Matamoros no hac\u00edan otra cosa que partirse el culo. Incluso al t\u00e9cnico encargado del pol\u00edgrafo le pillaron en m\u00e1s de una ocasi\u00f3n con la carcajada a punto de explotarle en la cara. Vamos, que como programa de humor no tuvo desperdicio. El \u00e9xito debe de ser considerable, porque Antena 3 anuncia el lanzamiento de un programa basado en un nuevo sistema que analiza las voces de las personas para determinar si mienten. Y como este nuevo pol\u00edgrafo tiene la ventaja de no necesitar la presencia f\u00edsica de nadie, a los capitostes de la cadena se les ha ocurrido utilizarlo con gente muerta. No se esperen que con el revolucionario invento intenten descubrir por fin el misterio de la muerte de Kennedy. No, estos jetas tienen previsto &#8216;invitar&#8217; a su programa a Encarna S\u00e1nchez, a Lola Flores, a Carmina Ord\u00f3\u00f1ez. Dada la fecha, podr\u00eda tratarse de una inocentada, de esas que van a llenar los peri\u00f3dicos. Que si un tipo acaba a pu\u00f1aladas con sus amigos despu\u00e9s de ver a su novia en una peli porno, que si un hombre roba una televisi\u00f3n y es arrestado al exigir el mando a distancia, que si uno de cada 200 hombres vivos desciende de Gengis Khan, que si un rumano cambia de casa porque su perro ronca demasiado fuerte, que si han detenido a un fulano por intentar introducir clandestinamente doce lagartos escondidos en el calzoncillo. Es lo que tiene esto de las inocentadas, una tradici\u00f3n bruta que conmemora la matanza de los inocentes ordenada por el rey Herodes (la verdad es que lo de celebrar el aniversario de una salvajada a base de bromas no parece lo m\u00e1s correcto). Eso s\u00ed, juro que, aunque parezca incre\u00edble, nada de lo anterior es una inocentada. Bueno, el que exista alguien como Paco Porras ya es suficiente inocentada.<\/p>\n","protected":false},"excerpt":{"rendered":"<p>Publicado en El Norte de Castilla el 28 de diciembre de 2006 Al parecer, las tardes se han llenado de pol\u00edgrafos. Me lo hab\u00edan comentado, pero solo fue hace una semana cuando tuve la oportunidad de verlo con mis propios ojos. El otro d\u00eda enchufaron los cables a un ser inenarrable conocido en el mundo [&hellip;]<\/p>\n","protected":false},"author":4,"featured_media":0,"comment_status":"open","ping_status":"closed","sticky":false,"template":"","format":"standard","meta":[],"categories":[7],"tags":[],"_links":{"self":[{"href":"https:\/\/blogs.elnortedecastilla.es\/vicentealvarez\/wp-json\/wp\/v2\/posts\/31"}],"collection":[{"href":"https:\/\/blogs.elnortedecastilla.es\/vicentealvarez\/wp-json\/wp\/v2\/posts"}],"about":[{"href":"https:\/\/blogs.elnortedecastilla.es\/vicentealvarez\/wp-json\/wp\/v2\/types\/post"}],"author":[{"embeddable":true,"href":"https:\/\/blogs.elnortedecastilla.es\/vicentealvarez\/wp-json\/wp\/v2\/users\/4"}],"replies":[{"embeddable":true,"href":"https:\/\/blogs.elnortedecastilla.es\/vicentealvarez\/wp-json\/wp\/v2\/comments?post=31"}],"version-history":[{"count":0,"href":"https:\/\/blogs.elnortedecastilla.es\/vicentealvarez\/wp-json\/wp\/v2\/posts\/31\/revisions"}],"wp:attachment":[{"href":"https:\/\/blogs.elnortedecastilla.es\/vicentealvarez\/wp-json\/wp\/v2\/media?parent=31"}],"wp:term":[{"taxonomy":"category","embeddable":true,"href":"https:\/\/blogs.elnortedecastilla.es\/vicentealvarez\/wp-json\/wp\/v2\/categories?post=31"},{"taxonomy":"post_tag","embeddable":true,"href":"https:\/\/blogs.elnortedecastilla.es\/vicentealvarez\/wp-json\/wp\/v2\/tags?post=31"}],"curies":[{"name":"wp","href":"https:\/\/api.w.org\/{rel}","templated":true}]}}