{"id":330,"date":"2008-03-04T16:38:44","date_gmt":"2008-03-04T16:38:44","guid":{"rendered":"http:\/\/blogs.elnortedecastilla.es\/vicentealvarez\/?p=330"},"modified":"2008-03-04T16:38:44","modified_gmt":"2008-03-04T16:38:44","slug":"lecciones-filosofia-chris-stevens-desde-k-oso-9","status":"publish","type":"post","link":"https:\/\/blogs.elnortedecastilla.es\/vicentealvarez\/2008\/03\/04\/lecciones-filosofia-chris-stevens-desde-k-oso-9\/","title":{"rendered":"LECCIONES DE FILOSOF\u00cdA DE CHRIS STEVENS DESDE LA K-OSO (9)"},"content":{"rendered":"<p><SPAN style=\"FONT-SIZE: 11pt; FONT-FAMILY: Arial; mso-ansi-language: ES; mso-fareast-font-family: 'Times New Roman'; mso-fareast-language: ES; mso-bidi-language: AR-SA; mso-bidi-font-family: 'Times New Roman'\">Cuando ten\u00eda 9 a\u00f1os yo estaba pescando con mi t\u00edo Roy Bauer. De pronto, \u00e9l se golpe\u00f3 en la frente. Me dijo que recogiera el sedal. Acababa de acordarse de que era d\u00eda de elecciones. Fue en el 72, cuando Nixon contra McGovern. No hab\u00eda color, claro. Pero Roy hab\u00eda estado en Vietnam y odiaba a Nixon. Despu\u00e9s de votar me pas\u00f3 el brazo por los hombros. Bien, me dijo, les he dado una lecci\u00f3n.<\/SPAN><\/p>\n","protected":false},"excerpt":{"rendered":"<p>Cuando ten\u00eda 9 a\u00f1os yo estaba pescando con mi t\u00edo Roy Bauer. De pronto, \u00e9l se golpe\u00f3 en la frente. Me dijo que recogiera el sedal. Acababa de acordarse de que era d\u00eda de elecciones. Fue en el 72, cuando Nixon contra McGovern. No hab\u00eda color, claro. Pero Roy hab\u00eda estado en Vietnam y odiaba [&hellip;]<\/p>\n","protected":false},"author":4,"featured_media":0,"comment_status":"open","ping_status":"closed","sticky":false,"template":"","format":"standard","meta":[],"categories":[17],"tags":[],"_links":{"self":[{"href":"https:\/\/blogs.elnortedecastilla.es\/vicentealvarez\/wp-json\/wp\/v2\/posts\/330"}],"collection":[{"href":"https:\/\/blogs.elnortedecastilla.es\/vicentealvarez\/wp-json\/wp\/v2\/posts"}],"about":[{"href":"https:\/\/blogs.elnortedecastilla.es\/vicentealvarez\/wp-json\/wp\/v2\/types\/post"}],"author":[{"embeddable":true,"href":"https:\/\/blogs.elnortedecastilla.es\/vicentealvarez\/wp-json\/wp\/v2\/users\/4"}],"replies":[{"embeddable":true,"href":"https:\/\/blogs.elnortedecastilla.es\/vicentealvarez\/wp-json\/wp\/v2\/comments?post=330"}],"version-history":[{"count":0,"href":"https:\/\/blogs.elnortedecastilla.es\/vicentealvarez\/wp-json\/wp\/v2\/posts\/330\/revisions"}],"wp:attachment":[{"href":"https:\/\/blogs.elnortedecastilla.es\/vicentealvarez\/wp-json\/wp\/v2\/media?parent=330"}],"wp:term":[{"taxonomy":"category","embeddable":true,"href":"https:\/\/blogs.elnortedecastilla.es\/vicentealvarez\/wp-json\/wp\/v2\/categories?post=330"},{"taxonomy":"post_tag","embeddable":true,"href":"https:\/\/blogs.elnortedecastilla.es\/vicentealvarez\/wp-json\/wp\/v2\/tags?post=330"}],"curies":[{"name":"wp","href":"https:\/\/api.w.org\/{rel}","templated":true}]}}