{"id":331,"date":"2008-03-09T11:26:43","date_gmt":"2008-03-09T11:26:43","guid":{"rendered":"http:\/\/blogs.elnortedecastilla.es\/vicentealvarez\/?p=331"},"modified":"2008-03-09T11:26:43","modified_gmt":"2008-03-09T11:26:43","slug":"pescando-votos","status":"publish","type":"post","link":"https:\/\/blogs.elnortedecastilla.es\/vicentealvarez\/2008\/03\/09\/pescando-votos\/","title":{"rendered":"PESCANDO VOTOS"},"content":{"rendered":"<p><IMG class=imgizqda id=img_0 src=\"\/vicentealvarez\/wp-content\/uploads\/sites\/3\"><\/p>\n<p>Publicado en El Norte de Castilla el 6 de marzo de 2008<\/p>\n<p> <DIV class=text> <DIV class=barhead> <DIV class=ln id=story-entradilla><\/DIV><\/DIV> <DIV class=p id=story-texto>Es lo que tiene tragarse dos debates y seguir la campa\u00f1a electoral de una forma m\u00e1s o menos continuada. Que uno acaba grillado. \u00bfSirve para algo todo esto? Sospecho que todos tenemos claro a qui\u00e9n vamos a votar o, en el peor de los casos, a quien no votar\u00edamos jam\u00e1s. De hecho, el verdadero debate ha tenido lugar los \u00faltimos cuatro a\u00f1os. Aun as\u00ed, los partidos pol\u00edticos se van a gastar 50 millones de euros en esta campa\u00f1a. Para m\u00ed es un aut\u00e9ntico expediente X el ver recintos inmensos llenos de gente agitando sus banderitas mientras aclaman a su candidato. Y todo para escuchar lo de siempre: provocaciones de \u00faltima hora con el fin de pescar votos. Gonz\u00e1lez llamando imb\u00e9cil a Rajoy. El l\u00edder de los populares canarios (un clon de Aznar, por cierto) mezclando la inseguridad con la violaci\u00f3n y supuestos asesinatos de unos ni\u00f1os secuestrados. Touri\u00f1o comparando a Rajoy con Isabel la Cat\u00f3lica. Los obispos pidiendo el voto a los que no hayan dialogado con ETA, es decir a Izquierda Unida. ZP diciendo a su amigo Gabilondo que le interesa que haya tensi\u00f3n. Ca\u00f1ete echando en falta a aquellos maravillosos camareros patrios. Ana Mato llamando analfabetos a los ni\u00f1os andaluces. Bermejo advirtiendo de que PP y ETA coinciden en \u00abpredicar\u00bb la abstenci\u00f3n. Aznar, en fin, entrando en campa\u00f1a con su jersey rosa de pico, en plan Pantoja, con id\u00e9ntica melena y bigote, y diciendo que ZP sigue negociando con ETA (supongo que se lo habr\u00e1n dicho los etarras y que conservar\u00e1 el contacto de cuando dialog\u00f3 con ellos). Unos proponiendo plantar 500.000 \u00e1rboles (un parque del Retiro cada hora durante cuatro a\u00f1os) y otros crear dos millones de puestos de trabajo (\u00bfigual que los 800.000 prometidos en su d\u00eda por Felipe Gonz\u00e1lez?). Lo peor de todo, sin embargo, lo m\u00e1s indecente y peligroso, es el \u00faltimo cartucho utilizado por los populares: el de emprenderla con los inmigrantes a trav\u00e9s de una serie de medidas asquerosamente populistas y demag\u00f3gicas que va a encontrar un propicio caldo de cultivo entre cierta gente desinformada que piensa que los inmigrantes les est\u00e1n quitando puestos de trabajo. Hay cosas que deber\u00edan de saberse. Por ejemplo que la contribuci\u00f3n de los inmigrantes es esencial para mantener la Seguridad Social ya que este colectivo aporta unos 8.000 millones de euros al a\u00f1o en cotizaciones al sistema p\u00fablico (el equivalente a 900.000 pensiones). Frente a ese voluminoso ingreso, el gasto en pensiones para inmigrantes es \u00ednfimo: por cada uno que cobra pensi\u00f3n, hay 30 cotizando (entre los espa\u00f1oles hay tres). Los inmigrantes han desempe\u00f1ado un papel primordial en el crecimiento econ\u00f3mico de los \u00faltimos a\u00f1os. Eso sin contar con que las diferencias de edad entre la poblaci\u00f3n espa\u00f1ola y la inmigrante son tales que, de no haber trabajadores extranjeros, ser\u00eda imposible cubrir toda la oferta de empleo, puesto que no hay gente joven suficiente para ello. Muchas cosas como \u00e9sas deber\u00edan de decirse bien alto y claro y no generalizar de una forma tan apestosamente xen\u00f3foba. Cuando sea mayor la ni\u00f1a de Rajoy, \u00e9sa que se ha convertido en la verdadera estrella de la campa\u00f1a electoral, tal vez tenga que dedicarse a atender a ni\u00f1os y a ancianos, a recoger basura y fregar escaleras, a trabajar en la construcci\u00f3n o en el campo. Alguien tendr\u00e1 que hacerlo, \u00bfno? Por cierto, \u00bfsoy yo el \u00fanico que piensa que si todos los inmigrantes pudiesen votar, el PP nunca habr\u00eda puesto sobre la mesa este tema?<\/DIV><\/DIV><!-- fin-art--><\/p>\n","protected":false},"excerpt":{"rendered":"<p>Publicado en El Norte de Castilla el 6 de marzo de 2008 Es lo que tiene tragarse dos debates y seguir la campa\u00f1a electoral de una forma m\u00e1s o menos continuada. Que uno acaba grillado. \u00bfSirve para algo todo esto? Sospecho que todos tenemos claro a qui\u00e9n vamos a votar o, en el peor de [&hellip;]<\/p>\n","protected":false},"author":4,"featured_media":0,"comment_status":"open","ping_status":"closed","sticky":false,"template":"","format":"standard","meta":[],"categories":[7],"tags":[],"_links":{"self":[{"href":"https:\/\/blogs.elnortedecastilla.es\/vicentealvarez\/wp-json\/wp\/v2\/posts\/331"}],"collection":[{"href":"https:\/\/blogs.elnortedecastilla.es\/vicentealvarez\/wp-json\/wp\/v2\/posts"}],"about":[{"href":"https:\/\/blogs.elnortedecastilla.es\/vicentealvarez\/wp-json\/wp\/v2\/types\/post"}],"author":[{"embeddable":true,"href":"https:\/\/blogs.elnortedecastilla.es\/vicentealvarez\/wp-json\/wp\/v2\/users\/4"}],"replies":[{"embeddable":true,"href":"https:\/\/blogs.elnortedecastilla.es\/vicentealvarez\/wp-json\/wp\/v2\/comments?post=331"}],"version-history":[{"count":0,"href":"https:\/\/blogs.elnortedecastilla.es\/vicentealvarez\/wp-json\/wp\/v2\/posts\/331\/revisions"}],"wp:attachment":[{"href":"https:\/\/blogs.elnortedecastilla.es\/vicentealvarez\/wp-json\/wp\/v2\/media?parent=331"}],"wp:term":[{"taxonomy":"category","embeddable":true,"href":"https:\/\/blogs.elnortedecastilla.es\/vicentealvarez\/wp-json\/wp\/v2\/categories?post=331"},{"taxonomy":"post_tag","embeddable":true,"href":"https:\/\/blogs.elnortedecastilla.es\/vicentealvarez\/wp-json\/wp\/v2\/tags?post=331"}],"curies":[{"name":"wp","href":"https:\/\/api.w.org\/{rel}","templated":true}]}}