{"id":332,"date":"2008-03-09T11:29:31","date_gmt":"2008-03-09T11:29:31","guid":{"rendered":"http:\/\/blogs.elnortedecastilla.es\/vicentealvarez\/?p=332"},"modified":"2008-03-09T11:29:31","modified_gmt":"2008-03-09T11:29:31","slug":"my-funny-valentine","status":"publish","type":"post","link":"https:\/\/blogs.elnortedecastilla.es\/vicentealvarez\/2008\/03\/09\/my-funny-valentine\/","title":{"rendered":"MY FUNNY VALENTINE"},"content":{"rendered":"<p><IMG class=imgcen id=img_0 src=\"\/vicentealvarez\/wp-content\/uploads\/sites\/3\"><SPAN style=\"FONT-SIZE: 11pt; FONT-FAMILY: Arial; mso-ansi-language: ES; mso-fareast-font-family: 'Times New Roman'; mso-fareast-language: ES; mso-bidi-language: AR-SA; mso-bidi-font-family: 'Times New Roman'; mso-bidi-font-size: 12.0pt\">Por orden de mi amigo Ariel Conceiro, tengo que regresar a Miles Davis, el trompetista que baj\u00f3 del cielo para regalarnos algunas de las m\u00fasicas m\u00e1s puras, dram\u00e1ticas, sensibles y maravillosas de todo el siglo XX. Un tipo que empez\u00f3 con Charlie Parker y acab\u00f3 tocando con Prince y que hizo de la revoluci\u00f3n su particular forma de entender la m\u00fasica, tal vez porque empez\u00f3 muy joven y nunca quiso ser viejo. Una de las etapas m\u00e1s fascinantes del fabuloso viaje de Miles se corresponde con la llamada \u201cedad moderna\u201d, protagonizada por un quinteto de ensue\u00f1o, con Herbie Hancock al piano, Ron Carter al contrabajo, Tony Williams a la bater\u00eda y George Coleman al saxo tenor (posteriormente sustituido por Wayne Shorter). La cumbre musical de este quinteto tuvo lugar con la grabaci\u00f3n en directo el 12 de febrero de 1964, en el Lincoln Center de Nueva York, contenida en dos discos: \u201cFour &#038; More\u201d para las piezas m\u00e1s r\u00e1pidas y \u201cMy Funny Valentine\u201d para las baladas. Dos directos inigualables que posiblemente marquen el final de la carrera cl\u00e1sica de Davis y que representan la quintaesencia del jazz. La trompeta de Miles Davis en plenitud, emblema de soledad y dramatismo, con un sonido declaradamente oscuro y blando aunque lo que escuchamos es de una salvaje fogosidad, de una dureza asomada al abismo. Miles Davis en su estado puro, con su caracter\u00edstica e introspectiva elegancia, su pasi\u00f3n y fuego creativo, su caracter\u00edstico swing, su lirismo introvertido y su musicalidad apabullante. Miles dec\u00eda en los a\u00f1os ochenta que si tuviese que volver a tocar &#8220;My Funny Valentine&#8221; se matar\u00eda. Yo me matar\u00eda si no pudiera escuchar de vez en cuando las baladas l\u00e1nguidas y los relatos tristes de amor que adornan &#8220;My Funny Valentine&#8221;.<\/SPAN><\/p>\n","protected":false},"excerpt":{"rendered":"<p>Por orden de mi amigo Ariel Conceiro, tengo que regresar a Miles Davis, el trompetista que baj\u00f3 del cielo para regalarnos algunas de las m\u00fasicas m\u00e1s puras, dram\u00e1ticas, sensibles y maravillosas de todo el siglo XX. Un tipo que empez\u00f3 con Charlie Parker y acab\u00f3 tocando con Prince y que hizo de la revoluci\u00f3n su [&hellip;]<\/p>\n","protected":false},"author":4,"featured_media":0,"comment_status":"open","ping_status":"closed","sticky":false,"template":"","format":"standard","meta":[],"categories":[6],"tags":[],"_links":{"self":[{"href":"https:\/\/blogs.elnortedecastilla.es\/vicentealvarez\/wp-json\/wp\/v2\/posts\/332"}],"collection":[{"href":"https:\/\/blogs.elnortedecastilla.es\/vicentealvarez\/wp-json\/wp\/v2\/posts"}],"about":[{"href":"https:\/\/blogs.elnortedecastilla.es\/vicentealvarez\/wp-json\/wp\/v2\/types\/post"}],"author":[{"embeddable":true,"href":"https:\/\/blogs.elnortedecastilla.es\/vicentealvarez\/wp-json\/wp\/v2\/users\/4"}],"replies":[{"embeddable":true,"href":"https:\/\/blogs.elnortedecastilla.es\/vicentealvarez\/wp-json\/wp\/v2\/comments?post=332"}],"version-history":[{"count":0,"href":"https:\/\/blogs.elnortedecastilla.es\/vicentealvarez\/wp-json\/wp\/v2\/posts\/332\/revisions"}],"wp:attachment":[{"href":"https:\/\/blogs.elnortedecastilla.es\/vicentealvarez\/wp-json\/wp\/v2\/media?parent=332"}],"wp:term":[{"taxonomy":"category","embeddable":true,"href":"https:\/\/blogs.elnortedecastilla.es\/vicentealvarez\/wp-json\/wp\/v2\/categories?post=332"},{"taxonomy":"post_tag","embeddable":true,"href":"https:\/\/blogs.elnortedecastilla.es\/vicentealvarez\/wp-json\/wp\/v2\/tags?post=332"}],"curies":[{"name":"wp","href":"https:\/\/api.w.org\/{rel}","templated":true}]}}