{"id":3595,"date":"2022-10-06T12:44:52","date_gmt":"2022-10-06T11:44:52","guid":{"rendered":"https:\/\/blogs.elnortedecastilla.es\/vicentealvarez\/?p=3595"},"modified":"2022-10-06T12:44:52","modified_gmt":"2022-10-06T11:44:52","slug":"hermanos-de-furia","status":"publish","type":"post","link":"https:\/\/blogs.elnortedecastilla.es\/vicentealvarez\/2022\/10\/06\/hermanos-de-furia\/","title":{"rendered":"HERMANOS DE FURIA"},"content":{"rendered":"<p><a href=\"https:\/\/static-blogs.elnortedecastilla.es\/wp-content\/uploads\/sites\/3\/2022\/10\/Furia.jpg\"><img loading=\"lazy\" class=\"alignleft  wp-image-3596\" src=\"https:\/\/static-blogs.elnortedecastilla.es\/wp-content\/uploads\/sites\/3\/2022\/10\/Furia-255x300.jpg\" alt=\"\" width=\"291\" height=\"342\" srcset=\"https:\/\/static-blogs.elnortedecastilla.es\/wp-content\/uploads\/sites\/3\/2022\/10\/Furia-255x300.jpg 255w, https:\/\/static-blogs.elnortedecastilla.es\/wp-content\/uploads\/sites\/3\/2022\/10\/Furia.jpg 748w\" sizes=\"(max-width: 291px) 100vw, 291px\" \/><\/a>Publicado en El Norte de Castilla el 6 de octubre de 2022<\/p>\n<p><span style=\"font-size: 14pt; color: #9e0d90;\">En Noruega est\u00e1n muy sensibilizados con todo lo que es y representa la extrema derecha. En julio de 2011 dos atentados perpetrados por el mismo loco nazi dejaron 77 muertos y m\u00e1s de 100 heridos, algo que pas\u00f3 a la historia como \u201cla masacre de Utoya\u201d. Desde entonces los noruegos no han parado de recordar el peligro que supone el ascenso de la extrema derecha. Ahora triunfa en todo el mundo una demoledora serie noruega. Durante ocho hipn\u00f3ticos cap\u00edtulos, \u201cFuria\u201d desarrolla una historia con alma de thriller pol\u00edtico que nos sumerge (y nos previene) sobre algo que podr\u00eda estar pasando ahora mismo. Que, de hecho, est\u00e1 pasando. Lo que comienza como noir rural con un ataque racista a la casa de unos refugiados musulmanes en un peque\u00f1o pueblo acaba convirti\u00e9ndose en una conspiraci\u00f3n terrorista de extrema derecha que busca desestabilizar toda la Uni\u00f3n Europea. No nos enga\u00f1emos, a pesar de su excelente factura y de su ritmo trepidante, \u201cFuria\u201d no se conforma con ser un thriller m\u00e1s. Todo lo que nos cuenta (lo que se est\u00e1 cociendo actualmente en el mundo) pone los pelos de punta. Nos habla de c\u00f3mo est\u00e1 triunfando hoy la extrema derecha con sus ideas islam\u00f3fobas, antifeministas, antimulticulturalistas y ultranacionalistas. Manipulaciones, mentiras, conspiraciones, asesinatos, odio racial, mensajes incendiarios en redes, fake-news, grupos organizados, violencia. Todo les vale y todo lo utilizan. \u201cFuria\u201d nos ense\u00f1a lo peligroso que es blanquear a la extrema derecha y profundiza en el peligro de su auge. En Suecia hace unos d\u00edas. Ahora en Italia. Alimentamos al monstruo. \u201cHermanos de Italia\u201d y \u201cFuria\u201d. La realidad y la ficci\u00f3n. No s\u00e9 qu\u00e9 da m\u00e1s asco. Pues eso, que nos est\u00e1 quedando una Europa que da mucho miedo.<\/span><\/p>\n","protected":false},"excerpt":{"rendered":"<p>Publicado en El Norte de Castilla el 6 de octubre de 2022 En Noruega est\u00e1n muy sensibilizados con todo lo que es y representa la extrema derecha. En julio de 2011 dos atentados perpetrados por el mismo loco nazi dejaron 77 muertos y m\u00e1s de 100 heridos, algo que pas\u00f3 a la historia como \u201cla [&hellip;]<\/p>\n","protected":false},"author":4,"featured_media":0,"comment_status":"open","ping_status":"open","sticky":false,"template":"","format":"standard","meta":[],"categories":[7],"tags":[],"_links":{"self":[{"href":"https:\/\/blogs.elnortedecastilla.es\/vicentealvarez\/wp-json\/wp\/v2\/posts\/3595"}],"collection":[{"href":"https:\/\/blogs.elnortedecastilla.es\/vicentealvarez\/wp-json\/wp\/v2\/posts"}],"about":[{"href":"https:\/\/blogs.elnortedecastilla.es\/vicentealvarez\/wp-json\/wp\/v2\/types\/post"}],"author":[{"embeddable":true,"href":"https:\/\/blogs.elnortedecastilla.es\/vicentealvarez\/wp-json\/wp\/v2\/users\/4"}],"replies":[{"embeddable":true,"href":"https:\/\/blogs.elnortedecastilla.es\/vicentealvarez\/wp-json\/wp\/v2\/comments?post=3595"}],"version-history":[{"count":1,"href":"https:\/\/blogs.elnortedecastilla.es\/vicentealvarez\/wp-json\/wp\/v2\/posts\/3595\/revisions"}],"predecessor-version":[{"id":3597,"href":"https:\/\/blogs.elnortedecastilla.es\/vicentealvarez\/wp-json\/wp\/v2\/posts\/3595\/revisions\/3597"}],"wp:attachment":[{"href":"https:\/\/blogs.elnortedecastilla.es\/vicentealvarez\/wp-json\/wp\/v2\/media?parent=3595"}],"wp:term":[{"taxonomy":"category","embeddable":true,"href":"https:\/\/blogs.elnortedecastilla.es\/vicentealvarez\/wp-json\/wp\/v2\/categories?post=3595"},{"taxonomy":"post_tag","embeddable":true,"href":"https:\/\/blogs.elnortedecastilla.es\/vicentealvarez\/wp-json\/wp\/v2\/tags?post=3595"}],"curies":[{"name":"wp","href":"https:\/\/api.w.org\/{rel}","templated":true}]}}