{"id":3602,"date":"2022-10-20T12:37:14","date_gmt":"2022-10-20T11:37:14","guid":{"rendered":"https:\/\/blogs.elnortedecastilla.es\/vicentealvarez\/?p=3602"},"modified":"2022-10-20T12:39:00","modified_gmt":"2022-10-20T11:39:00","slug":"locura-y-te-de-las-cinco","status":"publish","type":"post","link":"https:\/\/blogs.elnortedecastilla.es\/vicentealvarez\/2022\/10\/20\/locura-y-te-de-las-cinco\/","title":{"rendered":"LOCURA Y T\u00c9 DE LAS CINCO"},"content":{"rendered":"<p><a href=\"https:\/\/static-blogs.elnortedecastilla.es\/wp-content\/uploads\/sites\/3\/2022\/10\/alicia.jpg\"><img loading=\"lazy\" class=\"alignleft wp-image-3603\" src=\"https:\/\/static-blogs.elnortedecastilla.es\/wp-content\/uploads\/sites\/3\/2022\/10\/alicia-133x300.jpg\" alt=\"\" width=\"253\" height=\"571\" \/><\/a>Publicado en El Norte de Castilla el 20 de octubre de 2022<\/p>\n<p><span style=\"font-size: 18pt; color: #a216de;\">Adelante. Sigamos al Conejo Blanco y met\u00e1monos en la madriguera. Una exposici\u00f3n en Madrid recrea el mundo on\u00edrico creado por Lewis Carroll que sirvi\u00f3 de inspiraci\u00f3n a surrealistas como Dal\u00ed, Max Ernst o Marie Laurencin. Bienvenidos al universo de <em>Alicia en el Pa\u00eds de las Maravillas<\/em>. La exposici\u00f3n, con un espectacular dise\u00f1o expositivo que recrea las andanzas de Alicia, tambi\u00e9n presenta las ilustraciones originales de John Tenniel, as\u00ed como dos pel\u00edculas pioneras y el cortometraje \u201cDestino\u201d de Dal\u00ed y Walt Disney. Toda una gozada psicotr\u00f3pica. La mayor parte de las piezas expuestas giran en torno a los conceptos del tiempo, los sue\u00f1os, la locura o la maravilla. L\u00f3gico que atrajese tanto a los surrealistas. Pero no fueron los \u00fanicos. La psicodelia rockera transform\u00f3 a <em>Alicia<\/em> en su lis\u00e9rgica Biblia. En la portada del Sgt.Pepper\u00b4s sale Lewis Carroll y Lennon declar\u00f3 que <em>Alicia<\/em> era su novela preferida dedic\u00e1ndole m\u00e1s de una canci\u00f3n. Muchos m\u00fasicos se inspiraron en ella convirti\u00e9ndose en un himno para el uso de drogas psicod\u00e9licas: Alice Cooper, Robert Smith, Marilyn Manson, Elton John, Donovan, Aerosmith. Stevie Nicks le tribut\u00f3 un \u00e1lbum entero y Jefferson Airplane escribi\u00f3 una canci\u00f3n de gran \u00e9xito censurada durante largo tiempo. Y es que todos estamos locos. Todos cerramos los ojos para seguir viviendo en el Pa\u00eds de las Maravillas. Todos sabemos que la imaginaci\u00f3n es la \u00fanica arma en la guerra contra la realidad. Todos sabemos que para siempre a veces es solo un segundo. Todos somos el gato de Cheshire, la Reina de Corazones y la Morsa de John Lennon. <em>Lucy in the Sky with Diamonds<\/em> (LSD) empieza donde termina <em>Alicia<\/em>. \u00bfO es al rev\u00e9s? Da lo mismo. \u00bfNos volvemos a meter en la madriguera?<\/span><\/p>\n","protected":false},"excerpt":{"rendered":"<p>Publicado en El Norte de Castilla el 20 de octubre de 2022 Adelante. Sigamos al Conejo Blanco y met\u00e1monos en la madriguera. Una exposici\u00f3n en Madrid recrea el mundo on\u00edrico creado por Lewis Carroll que sirvi\u00f3 de inspiraci\u00f3n a surrealistas como Dal\u00ed, Max Ernst o Marie Laurencin. Bienvenidos al universo de Alicia en el Pa\u00eds [&hellip;]<\/p>\n","protected":false},"author":4,"featured_media":0,"comment_status":"open","ping_status":"open","sticky":false,"template":"","format":"standard","meta":[],"categories":[7],"tags":[],"_links":{"self":[{"href":"https:\/\/blogs.elnortedecastilla.es\/vicentealvarez\/wp-json\/wp\/v2\/posts\/3602"}],"collection":[{"href":"https:\/\/blogs.elnortedecastilla.es\/vicentealvarez\/wp-json\/wp\/v2\/posts"}],"about":[{"href":"https:\/\/blogs.elnortedecastilla.es\/vicentealvarez\/wp-json\/wp\/v2\/types\/post"}],"author":[{"embeddable":true,"href":"https:\/\/blogs.elnortedecastilla.es\/vicentealvarez\/wp-json\/wp\/v2\/users\/4"}],"replies":[{"embeddable":true,"href":"https:\/\/blogs.elnortedecastilla.es\/vicentealvarez\/wp-json\/wp\/v2\/comments?post=3602"}],"version-history":[{"count":4,"href":"https:\/\/blogs.elnortedecastilla.es\/vicentealvarez\/wp-json\/wp\/v2\/posts\/3602\/revisions"}],"predecessor-version":[{"id":3607,"href":"https:\/\/blogs.elnortedecastilla.es\/vicentealvarez\/wp-json\/wp\/v2\/posts\/3602\/revisions\/3607"}],"wp:attachment":[{"href":"https:\/\/blogs.elnortedecastilla.es\/vicentealvarez\/wp-json\/wp\/v2\/media?parent=3602"}],"wp:term":[{"taxonomy":"category","embeddable":true,"href":"https:\/\/blogs.elnortedecastilla.es\/vicentealvarez\/wp-json\/wp\/v2\/categories?post=3602"},{"taxonomy":"post_tag","embeddable":true,"href":"https:\/\/blogs.elnortedecastilla.es\/vicentealvarez\/wp-json\/wp\/v2\/tags?post=3602"}],"curies":[{"name":"wp","href":"https:\/\/api.w.org\/{rel}","templated":true}]}}