{"id":3613,"date":"2022-11-10T19:04:11","date_gmt":"2022-11-10T18:04:11","guid":{"rendered":"https:\/\/blogs.elnortedecastilla.es\/vicentealvarez\/?p=3613"},"modified":"2022-11-10T19:06:50","modified_gmt":"2022-11-10T18:06:50","slug":"belascoaran","status":"publish","type":"post","link":"https:\/\/blogs.elnortedecastilla.es\/vicentealvarez\/2022\/11\/10\/belascoaran\/","title":{"rendered":"BELASCOAR\u00c1N"},"content":{"rendered":"<p><a href=\"https:\/\/static-blogs.elnortedecastilla.es\/wp-content\/uploads\/sites\/3\/2022\/11\/belascoaran-366520838-large.jpg\"><img loading=\"lazy\" class=\"alignleft wp-image-3614\" src=\"https:\/\/static-blogs.elnortedecastilla.es\/wp-content\/uploads\/sites\/3\/2022\/11\/belascoaran-366520838-large-300x169.jpg\" alt=\"\" width=\"376\" height=\"212\" srcset=\"https:\/\/static-blogs.elnortedecastilla.es\/wp-content\/uploads\/sites\/3\/2022\/11\/belascoaran-366520838-large-300x169.jpg 300w, https:\/\/static-blogs.elnortedecastilla.es\/wp-content\/uploads\/sites\/3\/2022\/11\/belascoaran-366520838-large-768x432.jpg 768w, https:\/\/static-blogs.elnortedecastilla.es\/wp-content\/uploads\/sites\/3\/2022\/11\/belascoaran-366520838-large.jpg 1024w\" sizes=\"(max-width: 376px) 100vw, 376px\" \/><\/a>Tengo dos debilidades en el mundo de la novela negra. Por un lado Francisco Gonz\u00e1lez Ledesma con su incombustible M\u00e9ndez y por otro Paco Ignacio Taibo II con su incomparable H\u00e9ctor Belascoar\u00e1n Shayne. Hoy celebramos que Netflix ha estrenado BELASCOAR\u00c1N, una miniserie de tres cap\u00edtulos (cada uno de ellos con una duraci\u00f3n cercana a los 90 minutos, lo que les da car\u00e1cter de largometraje) que recrean tres de las novelas del total de diez que PITII le dedic\u00f3 a Belascoar\u00e1n. Hablamos de la saga que inaugur\u00f3 la novela negra latinoamericana, un aut\u00e9ntico fest\u00edn de intriga, humor y alta literatura, protagonizado por un detective independiente dispuesto a combatir culeros y corruptos a ponerle en la madre a las fuerzas del mal, todo ello en el peligroso M\u00e9xico D.F., una ciudad que se abre como un monstruo, como el vientre f\u00e9tido de una ballena o el interior de una lata de conservas estropeada. Y aunque una gran parte de la gracia (y genialidad) de las novelas es el verbo incomparable y charro del gran Paco Ignacio Taibo II y aunque tambi\u00e9n queda lejos de la genialidad de los libros la serie es muy muy recomendable.<\/p>\n<p>PD. El actor mexicano Luis Gerardo M\u00e9ndez es el protagonista de la serie y qu\u00e9 pinche casualidad que sea un actor que se apellida precisamente M\u00e9ndez el que interprete a Belascoar\u00e1n.<\/p>\n","protected":false},"excerpt":{"rendered":"<p>Tengo dos debilidades en el mundo de la novela negra. Por un lado Francisco Gonz\u00e1lez Ledesma con su incombustible M\u00e9ndez y por otro Paco Ignacio Taibo II con su incomparable H\u00e9ctor Belascoar\u00e1n Shayne. Hoy celebramos que Netflix ha estrenado BELASCOAR\u00c1N, una miniserie de tres cap\u00edtulos (cada uno de ellos con una duraci\u00f3n cercana a los [&hellip;]<\/p>\n","protected":false},"author":4,"featured_media":0,"comment_status":"open","ping_status":"open","sticky":false,"template":"","format":"standard","meta":[],"categories":[11],"tags":[130],"_links":{"self":[{"href":"https:\/\/blogs.elnortedecastilla.es\/vicentealvarez\/wp-json\/wp\/v2\/posts\/3613"}],"collection":[{"href":"https:\/\/blogs.elnortedecastilla.es\/vicentealvarez\/wp-json\/wp\/v2\/posts"}],"about":[{"href":"https:\/\/blogs.elnortedecastilla.es\/vicentealvarez\/wp-json\/wp\/v2\/types\/post"}],"author":[{"embeddable":true,"href":"https:\/\/blogs.elnortedecastilla.es\/vicentealvarez\/wp-json\/wp\/v2\/users\/4"}],"replies":[{"embeddable":true,"href":"https:\/\/blogs.elnortedecastilla.es\/vicentealvarez\/wp-json\/wp\/v2\/comments?post=3613"}],"version-history":[{"count":2,"href":"https:\/\/blogs.elnortedecastilla.es\/vicentealvarez\/wp-json\/wp\/v2\/posts\/3613\/revisions"}],"predecessor-version":[{"id":3616,"href":"https:\/\/blogs.elnortedecastilla.es\/vicentealvarez\/wp-json\/wp\/v2\/posts\/3613\/revisions\/3616"}],"wp:attachment":[{"href":"https:\/\/blogs.elnortedecastilla.es\/vicentealvarez\/wp-json\/wp\/v2\/media?parent=3613"}],"wp:term":[{"taxonomy":"category","embeddable":true,"href":"https:\/\/blogs.elnortedecastilla.es\/vicentealvarez\/wp-json\/wp\/v2\/categories?post=3613"},{"taxonomy":"post_tag","embeddable":true,"href":"https:\/\/blogs.elnortedecastilla.es\/vicentealvarez\/wp-json\/wp\/v2\/tags?post=3613"}],"curies":[{"name":"wp","href":"https:\/\/api.w.org\/{rel}","templated":true}]}}