{"id":37,"date":"2007-01-05T19:19:00","date_gmt":"2007-01-05T19:19:00","guid":{"rendered":"http:\/\/blogs.elnortedecastilla.es\/vicentealvarez\/?p=37"},"modified":"2007-01-05T19:19:00","modified_gmt":"2007-01-05T19:19:00","slug":"la-verdad-sobre-reyes-magos","status":"publish","type":"post","link":"https:\/\/blogs.elnortedecastilla.es\/vicentealvarez\/2007\/01\/05\/la-verdad-sobre-reyes-magos\/","title":{"rendered":"LA VERDAD SOBRE LOS REYES MAGOS"},"content":{"rendered":"<p>Que nadie me quite el \u00fanico d\u00eda del a\u00f1o en que soy mon\u00e1rquico. Que nadie me arrebate la magia. Que nadie venga a despertarme de mi sue\u00f1o. Que me dejen seguir siendo un ni\u00f1o. Al menos esta noche&#8230;.<br \/>\nPues eso. Para los que a\u00f1oran vivir en nubes salvajes, para los que inventan perfumes cuando miran a los ojos, para los que escuchan la m\u00fasica de la lluvia, para los que sospechan que detr\u00e1s de los espejos hay un mundo fant\u00e1stico, para los que hablan con las hadas, para los que todav\u00eda creen en los sue\u00f1os, para todos los <em>peterpanes<\/em>, para los que saben que el dejar de ser ni\u00f1os representa el principio del final.<br \/>\nPara todos ellos (y en especial para el Torito de Parquesol): la verdad sobre los Reyes Magos.<br \/>\n<object width=\"425\" height=\"350\"><param name=\"movie\" value=\"http:\/\/www.youtube.com\/v\/P8pRQr_cyck\"><\/param><param name=\"wmode\" value=\"transparent\"><\/param><embed src=\"\/\/www.youtube.com\/v\/P8pRQr_cyck\" type=\"application\/x-shockwave-flash\" wmode=\"transparent\" width=\"425\" height=\"350\"><\/embed><\/object><\/p>\n","protected":false},"excerpt":{"rendered":"<p>Que nadie me quite el \u00fanico d\u00eda del a\u00f1o en que soy mon\u00e1rquico. Que nadie me arrebate la magia. Que nadie venga a despertarme de mi sue\u00f1o. Que me dejen seguir siendo un ni\u00f1o. Al menos esta noche&#8230;. Pues eso. Para los que a\u00f1oran vivir en nubes salvajes, para los que inventan perfumes cuando miran [&hellip;]<\/p>\n","protected":false},"author":4,"featured_media":0,"comment_status":"open","ping_status":"closed","sticky":false,"template":"","format":"standard","meta":[],"categories":[18],"tags":[],"_links":{"self":[{"href":"https:\/\/blogs.elnortedecastilla.es\/vicentealvarez\/wp-json\/wp\/v2\/posts\/37"}],"collection":[{"href":"https:\/\/blogs.elnortedecastilla.es\/vicentealvarez\/wp-json\/wp\/v2\/posts"}],"about":[{"href":"https:\/\/blogs.elnortedecastilla.es\/vicentealvarez\/wp-json\/wp\/v2\/types\/post"}],"author":[{"embeddable":true,"href":"https:\/\/blogs.elnortedecastilla.es\/vicentealvarez\/wp-json\/wp\/v2\/users\/4"}],"replies":[{"embeddable":true,"href":"https:\/\/blogs.elnortedecastilla.es\/vicentealvarez\/wp-json\/wp\/v2\/comments?post=37"}],"version-history":[{"count":0,"href":"https:\/\/blogs.elnortedecastilla.es\/vicentealvarez\/wp-json\/wp\/v2\/posts\/37\/revisions"}],"wp:attachment":[{"href":"https:\/\/blogs.elnortedecastilla.es\/vicentealvarez\/wp-json\/wp\/v2\/media?parent=37"}],"wp:term":[{"taxonomy":"category","embeddable":true,"href":"https:\/\/blogs.elnortedecastilla.es\/vicentealvarez\/wp-json\/wp\/v2\/categories?post=37"},{"taxonomy":"post_tag","embeddable":true,"href":"https:\/\/blogs.elnortedecastilla.es\/vicentealvarez\/wp-json\/wp\/v2\/tags?post=37"}],"curies":[{"name":"wp","href":"https:\/\/api.w.org\/{rel}","templated":true}]}}