{"id":3718,"date":"2023-06-15T08:27:40","date_gmt":"2023-06-15T07:27:40","guid":{"rendered":"https:\/\/blogs.elnortedecastilla.es\/vicentealvarez\/?p=3718"},"modified":"2023-06-15T08:27:40","modified_gmt":"2023-06-15T07:27:40","slug":"el-disfraz-de-todo","status":"publish","type":"post","link":"https:\/\/blogs.elnortedecastilla.es\/vicentealvarez\/2023\/06\/15\/el-disfraz-de-todo\/","title":{"rendered":"EL DISFRAZ DE TODO"},"content":{"rendered":"<p><a href=\"https:\/\/static-blogs.elnortedecastilla.es\/wp-content\/uploads\/sites\/3\/2023\/06\/disfraz.jpg\"><img loading=\"lazy\" class=\"alignleft size-medium wp-image-3719\" src=\"https:\/\/static-blogs.elnortedecastilla.es\/wp-content\/uploads\/sites\/3\/2023\/06\/disfraz-300x263.jpg\" alt=\"\" width=\"300\" height=\"263\" srcset=\"https:\/\/static-blogs.elnortedecastilla.es\/wp-content\/uploads\/sites\/3\/2023\/06\/disfraz-300x263.jpg 300w, https:\/\/static-blogs.elnortedecastilla.es\/wp-content\/uploads\/sites\/3\/2023\/06\/disfraz-768x674.jpg 768w, https:\/\/static-blogs.elnortedecastilla.es\/wp-content\/uploads\/sites\/3\/2023\/06\/disfraz.jpg 938w\" sizes=\"(max-width: 300px) 100vw, 300px\" \/><\/a>Publicado en El Norte de Castilla el 15 de junio de 2023<\/p>\n<p><span style=\"font-size: 14pt; color: #7521b0;\">Dice Hern\u00e1n Migoya que lo deja. Que se va del pa\u00eds definitivamente. Que le da asco la vida cultural y su disfraz de todo. Hace a\u00f1os fue linchado por su libro \u201cTodas putas\u201d. Ahora dice basta. Una pena. Migoya es uno de los tipos m\u00e1s interesantes del mundillo literario y un gran defensor de la cultura popular. Los gur\u00fas de la alta literatura le ven como un tipo peligroso. \u00c9l prefiere dejarlo y cruzar el charco. Como muy bien dice \u201cuna cultura que respeta a Juan Gabriel es mucho m\u00e1s digna y llena de vida y futuro que una que no respeta a Camilo Sesto\u201d. Nunca entender\u00e9 el desprecio que existe a la cultura popular. Tal vez por ello estos d\u00edas me he lanzado a ver dos series \u201csospechosas\u201d: \u201cBos\u00e9\u201d y \u201cCristo y Rey\u201d. Miguel Bos\u00e9 y B\u00e1rbara Rey, casi nada. Dejando a un lado la calidad de ambas series, las dos constituyen un aut\u00e9ntico fest\u00edn, un viaje nost\u00e1lgico a nuestro pasado, un reencuentro con muchas personas que se cruzaron en nuestras vidas (son tantos los personajes famosos que salen en ambas que no terminar\u00edamos nunca), muchas horas de televisi\u00f3n en blanco y negro rescatadas para solaz de la saudade. Debo confesar, eso s\u00ed, que el morbo del reencuentro con el pasado se multiplic\u00f3 por mil a la hora de ver \u201cCristo y Rey\u201d y averiguar si se hab\u00edan atrevido a incluir en ella a Sandra Mozarowsky. Solo aparece en dos escenas de un cap\u00edtulo. En la primera, asiste al estreno de una pel\u00edcula junto a B\u00e1rbara Rey, que descubre que Sandra est\u00e1 embarazada. En la segunda, la vemos muerta tras <em>caer<\/em> del balc\u00f3n de su casa. Cuando B\u00e1rbara Rey se entera, lo primero que hace es llamar al Borb\u00f3n para cortar con \u00e9l. No se han atrevido a m\u00e1s. Pero qu\u00e9 voy a decir yo que, en \u201cM\u00e1s all\u00e1 hay dragones\u201d, la novela que le dediqu\u00e9 a la malograda actriz, tampoco lo hice y la ocult\u00e9 bajo otro nombre. Cosas de disfraces. De complejos pop. De miedo a personas intocables. Mea culpa.<\/span><\/p>\n","protected":false},"excerpt":{"rendered":"<p>Publicado en El Norte de Castilla el 15 de junio de 2023 Dice Hern\u00e1n Migoya que lo deja. Que se va del pa\u00eds definitivamente. Que le da asco la vida cultural y su disfraz de todo. Hace a\u00f1os fue linchado por su libro \u201cTodas putas\u201d. Ahora dice basta. Una pena. Migoya es uno de los [&hellip;]<\/p>\n","protected":false},"author":4,"featured_media":0,"comment_status":"open","ping_status":"open","sticky":false,"template":"","format":"standard","meta":[],"categories":[7],"tags":[],"_links":{"self":[{"href":"https:\/\/blogs.elnortedecastilla.es\/vicentealvarez\/wp-json\/wp\/v2\/posts\/3718"}],"collection":[{"href":"https:\/\/blogs.elnortedecastilla.es\/vicentealvarez\/wp-json\/wp\/v2\/posts"}],"about":[{"href":"https:\/\/blogs.elnortedecastilla.es\/vicentealvarez\/wp-json\/wp\/v2\/types\/post"}],"author":[{"embeddable":true,"href":"https:\/\/blogs.elnortedecastilla.es\/vicentealvarez\/wp-json\/wp\/v2\/users\/4"}],"replies":[{"embeddable":true,"href":"https:\/\/blogs.elnortedecastilla.es\/vicentealvarez\/wp-json\/wp\/v2\/comments?post=3718"}],"version-history":[{"count":1,"href":"https:\/\/blogs.elnortedecastilla.es\/vicentealvarez\/wp-json\/wp\/v2\/posts\/3718\/revisions"}],"predecessor-version":[{"id":3720,"href":"https:\/\/blogs.elnortedecastilla.es\/vicentealvarez\/wp-json\/wp\/v2\/posts\/3718\/revisions\/3720"}],"wp:attachment":[{"href":"https:\/\/blogs.elnortedecastilla.es\/vicentealvarez\/wp-json\/wp\/v2\/media?parent=3718"}],"wp:term":[{"taxonomy":"category","embeddable":true,"href":"https:\/\/blogs.elnortedecastilla.es\/vicentealvarez\/wp-json\/wp\/v2\/categories?post=3718"},{"taxonomy":"post_tag","embeddable":true,"href":"https:\/\/blogs.elnortedecastilla.es\/vicentealvarez\/wp-json\/wp\/v2\/tags?post=3718"}],"curies":[{"name":"wp","href":"https:\/\/api.w.org\/{rel}","templated":true}]}}