{"id":374,"date":"2008-06-01T19:35:15","date_gmt":"2008-06-01T19:35:15","guid":{"rendered":"http:\/\/blogs.elnortedecastilla.es\/vicentealvarez\/?p=374"},"modified":"2008-06-01T19:35:15","modified_gmt":"2008-06-01T19:35:15","slug":"a-pesar-los-pesares","status":"publish","type":"post","link":"https:\/\/blogs.elnortedecastilla.es\/vicentealvarez\/2008\/06\/01\/a-pesar-los-pesares\/","title":{"rendered":"A PESAR DE LOS PESARES"},"content":{"rendered":"<p><IMG class=imgcen id=img_0 src=\"\/vicentealvarez\/wp-content\/uploads\/sites\/3\">  <P class=MsoNormal style=\"MARGIN: 0cm 0cm 0pt\"><SPAN style=\"FONT-SIZE: 11pt; FONT-FAMILY: Arial\"><EM><\/p>\n<p> <P class=MsoNormal style=\"MARGIN: 0cm 0cm 0pt\"><SPAN style=\"FONT-SIZE: 11pt; FONT-FAMILY: Arial\">A pesar de sus tiernos 25 a\u00f1os y con un Tour de Francia ya a cuestas.<?xml:namespace prefix = o ns = \"urn:schemas-microsoft-com:office:office\" \/><o:p><\/o:p><\/SPAN><\/p>\n<p> <P class=MsoNormal style=\"MARGIN: 0cm 0cm 0pt\"><SPAN style=\"FONT-SIZE: 11pt; FONT-FAMILY: Arial\">A pesar de los miserables (de fuera) obsesionados con hundir el ciclismo.<o:p><\/o:p><\/SPAN><\/p>\n<p> <P class=MsoNormal style=\"MARGIN: 0cm 0cm 0pt\"><SPAN style=\"FONT-SIZE: 11pt; FONT-FAMILY: Arial\">A pesar de los miserables (de dentro) que dudan de todo.<o:p><\/o:p><\/SPAN><\/p>\n<p> <P class=MsoNormal style=\"MARGIN: 0cm 0cm 0pt\"><SPAN style=\"FONT-SIZE: 11pt; FONT-FAMILY: Arial\">A pesar de que TVE s\u00f3lo se ha dejado ver en el Giro los \u00faltimos tres d\u00edas.<o:p><\/o:p><\/SPAN><\/p>\n<p> <P class=MsoNormal style=\"MARGIN: 0cm 0cm 0pt\"><SPAN style=\"FONT-SIZE: 11pt; FONT-FAMILY: Arial\">A pesar de no haber preparado la carrera y de haber sido invitado s\u00f3lo una semana antes, mientras estaba de vacaciones en la playa.<o:p><\/o:p><\/SPAN><\/p>\n<p> <P class=MsoNormal style=\"MARGIN: 0cm 0cm 0pt\"><SPAN style=\"FONT-SIZE: 11pt; FONT-FAMILY: Arial\">A pesar de los pol\u00edticos que s\u00f3lo se acuerdan del ciclismo para hacerse la foto.<o:p><\/o:p><\/SPAN><\/p>\n<p> <P class=MsoNormal style=\"MARGIN: 0cm 0cm 0pt\"><SPAN style=\"FONT-SIZE: 11pt; FONT-FAMILY: Arial\">A pesar de los periodistas que s\u00f3lo se acuerdan del ciclismo para hablar de doping.<o:p><\/o:p><\/SPAN><\/p>\n<p> <P class=MsoNormal style=\"MARGIN: 0cm 0cm 0pt\"><SPAN style=\"FONT-SIZE: 11pt; FONT-FAMILY: Arial\">A pesar del Mortirolo, del Vivione, de Monte Pora, de Plan de Corones, del Pordoi, de San Pellegrino, de la Marmolada o del m\u00edtico Gavia.<o:p><\/o:p><\/SPAN><\/p>\n<p> <P class=MsoNormal style=\"MARGIN: 0cm 0cm 0pt\"><SPAN style=\"FONT-SIZE: 11pt; FONT-FAMILY: Arial\">A pesar de todo ello, Alberto Contador se ha convertido en el segundo espa\u00f1ol en conseguir un Giro de Italia.<o:p><\/o:p><\/SPAN><\/p>\n<p> <P class=MsoNormal style=\"MARGIN: 0cm 0cm 0pt\"><SPAN style=\"FONT-SIZE: 11pt; FONT-FAMILY: Arial\">\u00a1\u00a1\u00a1Brav\u00edssimo, Alberto!!!<\/SPAN><\/p>\n<p><\/EM><\/SPAN> <P class=MsoNormal style=\"MARGIN: 0cm 0cm 0pt\"><\/p>\n","protected":false},"excerpt":{"rendered":"<p>A pesar de sus tiernos 25 a\u00f1os y con un Tour de Francia ya a cuestas. A pesar de los miserables (de fuera) obsesionados con hundir el ciclismo. A pesar de los miserables (de dentro) que dudan de todo. A pesar de que TVE s\u00f3lo se ha dejado ver en el Giro los \u00faltimos tres [&hellip;]<\/p>\n","protected":false},"author":4,"featured_media":0,"comment_status":"open","ping_status":"closed","sticky":false,"template":"","format":"standard","meta":[],"categories":[3],"tags":[],"_links":{"self":[{"href":"https:\/\/blogs.elnortedecastilla.es\/vicentealvarez\/wp-json\/wp\/v2\/posts\/374"}],"collection":[{"href":"https:\/\/blogs.elnortedecastilla.es\/vicentealvarez\/wp-json\/wp\/v2\/posts"}],"about":[{"href":"https:\/\/blogs.elnortedecastilla.es\/vicentealvarez\/wp-json\/wp\/v2\/types\/post"}],"author":[{"embeddable":true,"href":"https:\/\/blogs.elnortedecastilla.es\/vicentealvarez\/wp-json\/wp\/v2\/users\/4"}],"replies":[{"embeddable":true,"href":"https:\/\/blogs.elnortedecastilla.es\/vicentealvarez\/wp-json\/wp\/v2\/comments?post=374"}],"version-history":[{"count":0,"href":"https:\/\/blogs.elnortedecastilla.es\/vicentealvarez\/wp-json\/wp\/v2\/posts\/374\/revisions"}],"wp:attachment":[{"href":"https:\/\/blogs.elnortedecastilla.es\/vicentealvarez\/wp-json\/wp\/v2\/media?parent=374"}],"wp:term":[{"taxonomy":"category","embeddable":true,"href":"https:\/\/blogs.elnortedecastilla.es\/vicentealvarez\/wp-json\/wp\/v2\/categories?post=374"},{"taxonomy":"post_tag","embeddable":true,"href":"https:\/\/blogs.elnortedecastilla.es\/vicentealvarez\/wp-json\/wp\/v2\/tags?post=374"}],"curies":[{"name":"wp","href":"https:\/\/api.w.org\/{rel}","templated":true}]}}