{"id":375,"date":"2008-06-03T18:19:01","date_gmt":"2008-06-03T18:19:01","guid":{"rendered":"http:\/\/blogs.elnortedecastilla.es\/vicentealvarez\/?p=375"},"modified":"2008-06-03T18:19:01","modified_gmt":"2008-06-03T18:19:01","slug":"me-acuerdo-y-2","status":"publish","type":"post","link":"https:\/\/blogs.elnortedecastilla.es\/vicentealvarez\/2008\/06\/03\/me-acuerdo-y-2\/","title":{"rendered":"ME ACUERDO (y 2)"},"content":{"rendered":"<p><SPAN style=\"FONT-SIZE: 11pt; FONT-FAMILY: Arial\"><EM> <P class=MsoNormal style=\"MARGIN: 0cm 0cm 0pt\"><SPAN style=\"FONT-SIZE: 11pt; FONT-FAMILY: Arial\">Hoy, precisamente 3 de junio, se cumplen exactamente 480 d\u00edas desde que colgu\u00e9, en \u201cEl faro de Aqualung\u201d, el post titulado \u201cMe acuerdo\u201d y, claro, me acuerdo de que son 480 anotaciones breves (todas ellas iniciadas con el socorrido \u201cme acuerdo\u201d) las que componen el genial e inclasificable libro de Georges Perec. Desde entonces, 480 d\u00edas despu\u00e9s, han llegado a este blog la friolera de 650 comentarios con hasta 849 \u201cme acuerdos\u201d. Es hora de dar las gracias a todos aquellos que han contribuido a este proyecto tan hermoso e insolente, que empez\u00f3 como un juego y que ha acabado convirti\u00e9ndose para m\u00ed en una obsesi\u00f3n y, desde ya, en un compromiso que espero cumplir alguna vez: seleccionar 480 de estos regalos-comentarios-recuerdos y editar nuestro particular \u201cMe acuerdo\u201d local. Al igual que en el \u201cJe me souviens\u201d original se <SPAN style=\"mso-spacerun: yes\"><\/SPAN>deslizaba por sus p\u00e1ginas juguetonamente un fascinante recorrido por la memoria particular y colectiva de los franceses, los recuerdos que generosamente algunos han ido regalando a este blog forman tambi\u00e9n parte (\u00a1y de qu\u00e9 manera!) de nuestra memoria. Ley\u00e9ndolos, uno viaja de recuerdo en recuerdo. De hecho, resultaba muy curioso ver c\u00f3mo alguien comenzaba a hablar de un tema e, inmediatamente, otra persona escrib\u00eda un recuerdo sobre el mismo tema, enlazando ideas y memoria. Ahora ya s\u00f3lo nos hace falta un editor valiente. El libro que hemos escrito entre todos se lo merece. Mientras tanto, seguir\u00e9 escribiendo \u201cme acuerdos\u201d. Como comentamos en el anterior post, muchos recuerdos son transferibles y la literatura, en esencia, es eso: ofrecer memoria y compartir recuerdos. Hoy, por ejemplo, podr\u00eda escribir muchas cosas y acordarme de otras tantas. Y, sin embargo, s\u00f3lo me acuerdo,<?xml:namespace prefix = o ns = \"urn:schemas-microsoft-com:office:office\" \/><o:p><\/o:p><\/SPAN><\/p>\n<p> <P class=MsoNormal style=\"MARGIN: 0cm 0cm 0pt\"><SPAN style=\"FONT-SIZE: 11pt; FONT-FAMILY: Arial\">s\u00f3lo me acuerdo,<o:p><\/o:p><\/SPAN><\/p>\n<p> <P class=MsoNormal style=\"MARGIN: 0cm 0cm 0pt\"><SPAN style=\"FONT-SIZE: 11pt; FONT-FAMILY: Arial\">s\u00f3lo me acuerdo,<o:p><\/o:p><\/SPAN><\/p>\n<p> <P class=MsoNormal style=\"MARGIN: 0cm 0cm 0pt\"><SPAN style=\"FONT-SIZE: 11pt; FONT-FAMILY: Arial\">s\u00f3lo me acuerdo.<\/SPAN><\/p>\n<p> <P class=MsoNormal style=\"MARGIN: 0cm 0cm 0pt\"><SPAN style=\"FONT-SIZE: 11pt; FONT-FAMILY: Arial\">Me acuerdo,<o:p><\/o:p><\/SPAN><\/p>\n<p> <P class=MsoNormal style=\"MARGIN: 0cm 0cm 0pt\"><SPAN style=\"FONT-SIZE: 11pt; FONT-FAMILY: Arial\">me acuerdo,<o:p><\/o:p><\/SPAN><\/p>\n<p> <P class=MsoNormal style=\"MARGIN: 0cm 0cm 0pt\"><SPAN style=\"FONT-SIZE: 11pt; FONT-FAMILY: Arial\">me acuerdo\u2026.<\/SPAN><\/p>\n<p> <P class=MsoNormal style=\"MARGIN: 0cm 0cm 0pt\"><\/EM><\/SPAN><\/p>\n","protected":false},"excerpt":{"rendered":"<p>Hoy, precisamente 3 de junio, se cumplen exactamente 480 d\u00edas desde que colgu\u00e9, en \u201cEl faro de Aqualung\u201d, el post titulado \u201cMe acuerdo\u201d y, claro, me acuerdo de que son 480 anotaciones breves (todas ellas iniciadas con el socorrido \u201cme acuerdo\u201d) las que componen el genial e inclasificable libro de Georges Perec. Desde entonces, 480 [&hellip;]<\/p>\n","protected":false},"author":4,"featured_media":0,"comment_status":"open","ping_status":"closed","sticky":false,"template":"","format":"standard","meta":[],"categories":[3],"tags":[],"_links":{"self":[{"href":"https:\/\/blogs.elnortedecastilla.es\/vicentealvarez\/wp-json\/wp\/v2\/posts\/375"}],"collection":[{"href":"https:\/\/blogs.elnortedecastilla.es\/vicentealvarez\/wp-json\/wp\/v2\/posts"}],"about":[{"href":"https:\/\/blogs.elnortedecastilla.es\/vicentealvarez\/wp-json\/wp\/v2\/types\/post"}],"author":[{"embeddable":true,"href":"https:\/\/blogs.elnortedecastilla.es\/vicentealvarez\/wp-json\/wp\/v2\/users\/4"}],"replies":[{"embeddable":true,"href":"https:\/\/blogs.elnortedecastilla.es\/vicentealvarez\/wp-json\/wp\/v2\/comments?post=375"}],"version-history":[{"count":0,"href":"https:\/\/blogs.elnortedecastilla.es\/vicentealvarez\/wp-json\/wp\/v2\/posts\/375\/revisions"}],"wp:attachment":[{"href":"https:\/\/blogs.elnortedecastilla.es\/vicentealvarez\/wp-json\/wp\/v2\/media?parent=375"}],"wp:term":[{"taxonomy":"category","embeddable":true,"href":"https:\/\/blogs.elnortedecastilla.es\/vicentealvarez\/wp-json\/wp\/v2\/categories?post=375"},{"taxonomy":"post_tag","embeddable":true,"href":"https:\/\/blogs.elnortedecastilla.es\/vicentealvarez\/wp-json\/wp\/v2\/tags?post=375"}],"curies":[{"name":"wp","href":"https:\/\/api.w.org\/{rel}","templated":true}]}}