{"id":3765,"date":"2023-09-18T16:57:01","date_gmt":"2023-09-18T15:57:01","guid":{"rendered":"https:\/\/blogs.elnortedecastilla.es\/vicentealvarez\/?p=3765"},"modified":"2023-09-18T16:57:01","modified_gmt":"2023-09-18T15:57:01","slug":"amuleto","status":"publish","type":"post","link":"https:\/\/blogs.elnortedecastilla.es\/vicentealvarez\/2023\/09\/18\/amuleto\/","title":{"rendered":"AMULETO"},"content":{"rendered":"<p><a href=\"https:\/\/static-blogs.elnortedecastilla.es\/wp-content\/uploads\/sites\/3\/2023\/09\/amuleto.jpg\"><img loading=\"lazy\" class=\"alignleft size-medium wp-image-3766\" src=\"https:\/\/static-blogs.elnortedecastilla.es\/wp-content\/uploads\/sites\/3\/2023\/09\/amuleto-188x300.jpg\" alt=\"\" width=\"188\" height=\"300\" srcset=\"https:\/\/static-blogs.elnortedecastilla.es\/wp-content\/uploads\/sites\/3\/2023\/09\/amuleto-188x300.jpg 188w, https:\/\/static-blogs.elnortedecastilla.es\/wp-content\/uploads\/sites\/3\/2023\/09\/amuleto.jpg 360w\" sizes=\"(max-width: 188px) 100vw, 188px\" \/><\/a>\u201cEsta ser\u00e1 una historia de terror. Ser\u00e1 una historia polic\u00eda, un relato de serie negra y de terror. Pero no lo parecer\u00e1. No lo parecer\u00e1 porque soy yo la que lo cuenta. Soy yo la que habla y por eso no lo parecer\u00e1. Pero en el fondo es la historia de un crimen atroz\u201d. As\u00ed comienza Amuleto. Y, a pesar de sus prop\u00f3sitos, lo que nos promete Roberto Bola\u00f1o es, sobre todo, una historia de superaci\u00f3n y de soledad.<\/p>\n<p>Auxilio Lacouture se considera a s\u00ed misma \u00abla madre de todos los mexicanos\u00bb y \u00abla madre de la poes\u00eda mexicana\u00bb. Uruguaya de nacimiento, residente de M\u00e9xico D.F., abonada a los trabajos humildes y espor\u00e1dicos durante el d\u00eda, incansablemente inmersa en la bohemia nocturna de la ciudad, todo cambia para ella el 18 de septiembre de 1968, cuando el ej\u00e9rcito toma posesi\u00f3n del campus de la Universidad Nacional Aut\u00f3noma de M\u00e9xico y ella queda encerrada en los ba\u00f1os de la facultad de filosof\u00eda y letras. A lo largo de trece d\u00edas de encierro y aislamiento forzado, por sus ojos transitan la poetisa Lilian Serpes, amante a su vez del Che Guevara; los poetas espa\u00f1oles Le\u00f3n Felipe y Pedro Garfias; el malogrado alter ego de Bola\u00f1o Arturo Belano. De este modo, Auxilio reflexiona sobre la senda y los pasos dejados atr\u00e1s y los que, a\u00fan y cada vez m\u00e1s, restan sumidos en las sombras de un pa\u00eds de incierto futuro.<\/p>\n<p>Narraci\u00f3n sui generis de la masacre de Tlatelolco del 68 en M\u00e9xico acompa\u00f1ada de vivencias de la protagonista con pintores y poetas de su \u00e9poca. Un viaje delirante por las calles del D.F. desde las baldosas del ba\u00f1o de mujeres de la Facultad de Filosof\u00eda y Letras. Una novela en la que conviven realidad y sue\u00f1o, una novela m\u00e1s po\u00e9tica que \u201cLos detectives salvajes\u201d (para el propio Bola\u00f1o \u201cAmuleto\u201d act\u00faa como el espejo negro de \u201cLos detectives salvajes\u201d) estructurada como un mon\u00f3logo. Otra delicia (una m\u00e1s) de Roberto Bola\u00f1o.<\/p>\n<p>&nbsp;<\/p>\n","protected":false},"excerpt":{"rendered":"<p>\u201cEsta ser\u00e1 una historia de terror. Ser\u00e1 una historia polic\u00eda, un relato de serie negra y de terror. Pero no lo parecer\u00e1. No lo parecer\u00e1 porque soy yo la que lo cuenta. Soy yo la que habla y por eso no lo parecer\u00e1. Pero en el fondo es la historia de un crimen atroz\u201d. As\u00ed [&hellip;]<\/p>\n","protected":false},"author":4,"featured_media":0,"comment_status":"open","ping_status":"open","sticky":false,"template":"","format":"standard","meta":[],"categories":[11],"tags":[],"_links":{"self":[{"href":"https:\/\/blogs.elnortedecastilla.es\/vicentealvarez\/wp-json\/wp\/v2\/posts\/3765"}],"collection":[{"href":"https:\/\/blogs.elnortedecastilla.es\/vicentealvarez\/wp-json\/wp\/v2\/posts"}],"about":[{"href":"https:\/\/blogs.elnortedecastilla.es\/vicentealvarez\/wp-json\/wp\/v2\/types\/post"}],"author":[{"embeddable":true,"href":"https:\/\/blogs.elnortedecastilla.es\/vicentealvarez\/wp-json\/wp\/v2\/users\/4"}],"replies":[{"embeddable":true,"href":"https:\/\/blogs.elnortedecastilla.es\/vicentealvarez\/wp-json\/wp\/v2\/comments?post=3765"}],"version-history":[{"count":1,"href":"https:\/\/blogs.elnortedecastilla.es\/vicentealvarez\/wp-json\/wp\/v2\/posts\/3765\/revisions"}],"predecessor-version":[{"id":3767,"href":"https:\/\/blogs.elnortedecastilla.es\/vicentealvarez\/wp-json\/wp\/v2\/posts\/3765\/revisions\/3767"}],"wp:attachment":[{"href":"https:\/\/blogs.elnortedecastilla.es\/vicentealvarez\/wp-json\/wp\/v2\/media?parent=3765"}],"wp:term":[{"taxonomy":"category","embeddable":true,"href":"https:\/\/blogs.elnortedecastilla.es\/vicentealvarez\/wp-json\/wp\/v2\/categories?post=3765"},{"taxonomy":"post_tag","embeddable":true,"href":"https:\/\/blogs.elnortedecastilla.es\/vicentealvarez\/wp-json\/wp\/v2\/tags?post=3765"}],"curies":[{"name":"wp","href":"https:\/\/api.w.org\/{rel}","templated":true}]}}