{"id":380,"date":"2008-06-12T13:19:43","date_gmt":"2008-06-12T13:19:43","guid":{"rendered":"http:\/\/blogs.elnortedecastilla.es\/vicentealvarez\/?p=380"},"modified":"2008-06-12T13:19:43","modified_gmt":"2008-06-12T13:19:43","slug":"de-valladolid-al-cielo-marvel","status":"publish","type":"post","link":"https:\/\/blogs.elnortedecastilla.es\/vicentealvarez\/2008\/06\/12\/de-valladolid-al-cielo-marvel\/","title":{"rendered":"DE VALLADOLID AL CIELO DE MARVEL"},"content":{"rendered":"<p><IMG class=imgizqda id=img_0 src=\"\/vicentealvarez\/wp-content\/uploads\/sites\/3\">Publicado en El Norte de Castilla el 12 de junio de 2008.<\/p>\n<p> <DIV class=p id=story-texto> <DIV class=p> <\/DIV> <DIV class=p>En el n\u00famero 21 de la calle Santiago naci\u00f3 y vivi\u00f3 Capuletti, justo al lado de la peluquer\u00eda de su abuelo, una de las m\u00e1s conocidas de la ciudad. Muchos la recordar\u00e1n: en el primer piso, justo haciendo esquina con la calle Constituci\u00f3n. Ninguna placa recuerda que all\u00ed naci\u00f3 uno de los mejores pintores del siglo XX y uno de nuestros vallisoletanos m\u00e1s universales. No s\u00e9 por qu\u00e9 me he acordado de Capuletti cuando he escuchado la noticia de que David Aja ha sido premiado con un Eagle Award al Mejor Nuevo Artista, prestigioso premio que concede la industria brit\u00e1nica del c\u00f3mic. No es el primero. Tampoco ser\u00e1 el \u00faltimo. Sin ir m\u00e1s lejos, el Eisner est\u00e1 al acecho. David Aja comenz\u00f3 haciendo ilustraciones para El Pa\u00eds, Cineman\u00eda, Rolling Stone y otras publicaciones, adem\u00e1s de realizar portadas para libros en distintas editoriales. Con sus primeros trabajos ya nos cautiv\u00f3 gracias a sus impactantes im\u00e1genes, sus ilustraciones surrealistas, sus rotuladores de Armageddon. La calidad de su obra era tan deslumbrante que, sin apenas experiencia en el mundo de los comic-books, la todapoderosa Marvel le fich\u00f3, entrando en la catedral de los superh\u00e9roes por la puerta grande. Flirtea con Lobezno, con Los 4 Fant\u00e1sticos, con X-Men y con Daredevil, hasta conseguir su propia serie con Pu\u00f1o de Hierro, una obra con sabor cl\u00e1sico y toques m\u00edsticos, sin duda una de las estrellas del actual universo Marvel. Trabaja con el gran Ed Brubaker y, juntos, dan nueva vida al luchador que alcanz\u00f3 la iluminaci\u00f3n al derrotar al drag\u00f3n Shao-Lao. Ha mamado de los grandes del c\u00f3mic, de Eisner, de Miller, de Kirby, de Ditko, pero tambi\u00e9n de Dal\u00ed, Goya, Schiele o Magritte, eso sin olvidar las ense\u00f1anzas del cine, especialmente su particular secuencialidad y composici\u00f3n de planos.<\/DIV> <DIV class=p> David Aja dibuja con el cuchillo en la boca mientras sus l\u00e1pices de diamante rompen el vidrio y, de paso, el rutilante hor\u00f3scopo de los vientos. El dibujante vallisoletano confiesa estar obsesionado con la narrativa y la composici\u00f3n de p\u00e1gina: heredero del aura de Capuletti, heterog\u00e9neo, poli\u00e9drico, mago de acuarelas, collages, acr\u00edlicos, plumillas, pinceles y rotuladores, no se cansa de proclamar que la mayor parte del trabajo de un dibujante es invisible. Evita confesar, eso s\u00ed, que los salvajes latidos de sus l\u00e1pices acostumbran a delatarle. Dicen que suele acompa\u00f1ar a Rick Deckard, el Blade Runner de nuestros sue\u00f1os, mientras retiran replicantes de la circulaci\u00f3n intergal\u00e1ctica. Dar un paseo por su web es sumergirse en un verdadero jard\u00edn de las delicias, en un mundo de ilustraciones originales y atractivas, de p\u00e1ginas evocadoras donde David Aja cuida los detalles, los escenarios y la ambientaci\u00f3n hasta l\u00edmites insospechados. Su obra es cautivadora e hipn\u00f3tica, repleta de ideas revolucionarias, de universos personales atravesados por un estilo minucioso y brillante. Qu\u00e9 envidia. David Aja dibuja como los \u00e1ngeles, como los hijos de los hijos de Leonardo y Vel\u00e1zquez. Y lo digo yo, que nunca pas\u00e9 de dibujar tu retrato con el seis y el cuatro. Todos sabemos lo dif\u00edcil que es ara\u00f1ar el cielo y asomarse al interior de las orqu\u00eddeas. \u00c9l lo hace con genial frecuencia. En su ciudad, en Valladolid, tendr\u00edamos que estar orgullosos. <\/DIV><\/DIV><!-- fin-art--><SMALL><A href=\"http:\/\/www.davidaja.com\/\">www.davidaja.com<\/A><A href=\"http:\/\/www.davidaja.com\/\"><br \/>\n<\/SMALL><\/A><\/p>\n","protected":false},"excerpt":{"rendered":"<p>Publicado en El Norte de Castilla el 12 de junio de 2008. En el n\u00famero 21 de la calle Santiago naci\u00f3 y vivi\u00f3 Capuletti, justo al lado de la peluquer\u00eda de su abuelo, una de las m\u00e1s conocidas de la ciudad. Muchos la recordar\u00e1n: en el primer piso, justo haciendo esquina con la calle Constituci\u00f3n. [&hellip;]<\/p>\n","protected":false},"author":4,"featured_media":0,"comment_status":"open","ping_status":"closed","sticky":false,"template":"","format":"standard","meta":[],"categories":[7],"tags":[],"_links":{"self":[{"href":"https:\/\/blogs.elnortedecastilla.es\/vicentealvarez\/wp-json\/wp\/v2\/posts\/380"}],"collection":[{"href":"https:\/\/blogs.elnortedecastilla.es\/vicentealvarez\/wp-json\/wp\/v2\/posts"}],"about":[{"href":"https:\/\/blogs.elnortedecastilla.es\/vicentealvarez\/wp-json\/wp\/v2\/types\/post"}],"author":[{"embeddable":true,"href":"https:\/\/blogs.elnortedecastilla.es\/vicentealvarez\/wp-json\/wp\/v2\/users\/4"}],"replies":[{"embeddable":true,"href":"https:\/\/blogs.elnortedecastilla.es\/vicentealvarez\/wp-json\/wp\/v2\/comments?post=380"}],"version-history":[{"count":0,"href":"https:\/\/blogs.elnortedecastilla.es\/vicentealvarez\/wp-json\/wp\/v2\/posts\/380\/revisions"}],"wp:attachment":[{"href":"https:\/\/blogs.elnortedecastilla.es\/vicentealvarez\/wp-json\/wp\/v2\/media?parent=380"}],"wp:term":[{"taxonomy":"category","embeddable":true,"href":"https:\/\/blogs.elnortedecastilla.es\/vicentealvarez\/wp-json\/wp\/v2\/categories?post=380"},{"taxonomy":"post_tag","embeddable":true,"href":"https:\/\/blogs.elnortedecastilla.es\/vicentealvarez\/wp-json\/wp\/v2\/tags?post=380"}],"curies":[{"name":"wp","href":"https:\/\/api.w.org\/{rel}","templated":true}]}}