{"id":3816,"date":"2024-01-07T22:44:33","date_gmt":"2024-01-07T21:44:33","guid":{"rendered":"https:\/\/blogs.elnortedecastilla.es\/vicentealvarez\/?p=3816"},"modified":"2024-01-07T22:44:33","modified_gmt":"2024-01-07T21:44:33","slug":"ano-kafka","status":"publish","type":"post","link":"https:\/\/blogs.elnortedecastilla.es\/vicentealvarez\/2024\/01\/07\/ano-kafka\/","title":{"rendered":"A\u00d1O KAFKA"},"content":{"rendered":"<p><a href=\"https:\/\/static-blogs.elnortedecastilla.es\/wp-content\/uploads\/sites\/3\/2024\/01\/kafka.jpg\"><img loading=\"lazy\" class=\"alignleft size-medium wp-image-3817\" src=\"https:\/\/static-blogs.elnortedecastilla.es\/wp-content\/uploads\/sites\/3\/2024\/01\/kafka-300x272.jpg\" alt=\"\" width=\"300\" height=\"272\" srcset=\"https:\/\/static-blogs.elnortedecastilla.es\/wp-content\/uploads\/sites\/3\/2024\/01\/kafka-300x272.jpg 300w, https:\/\/static-blogs.elnortedecastilla.es\/wp-content\/uploads\/sites\/3\/2024\/01\/kafka.jpg 683w\" sizes=\"(max-width: 300px) 100vw, 300px\" \/><\/a>Publicado en El Norte de Castilla el 6 de enero de 2024<\/p>\n<p>El 3 de junio de 1924 mor\u00eda Franz Kafka. Lo hac\u00eda a los 40 a\u00f1os v\u00edctima de la tuberculosis. Su temprana muerte le libr\u00f3 de sufrir en sus propias carnes el momento m\u00e1s absurdo y kafkiano (por terrible, por sanguinario, por incomprensible a ojos humanos) de todo el siglo XX: el horror que los nazis impusieron a los jud\u00edos. De \u00e9l no se libraron sus tres hermanas que fueron exterminadas, al igual que otros seis millones de personas. Como insectos. Como ratas. Ni siquiera la f\u00e9rtil imaginaci\u00f3n de Kafka habr\u00eda podido alumbrar semejante horror. Otras pesadillas s\u00ed que salieron de la cabecita del escritor de la Ciudad de las Cien Torres hasta el punto de regalarnos la obra literaria posiblemente m\u00e1s importante y trascendental de todo el siglo, posibilitando la profunda renovaci\u00f3n que experimentar\u00eda la novela en las primeras d\u00e9cadas del siglo XX e influyendo decisivamente en movimientos como el expresionismo, el existencialismo o el surrealismo. Durante su corta vida, public\u00f3 apenas un pu\u00f1ado de relatos. Todo en \u00e9l fueron obst\u00e1culos.\u00a0 Desde la oposici\u00f3n de su padre a que se dedicara a escribir hasta su obsesivo perfeccionismo, pasando por su fr\u00e1gil salud, su gris trabajo de oficinista y su complicada relaci\u00f3n con las mujeres, con hasta cinco intentos frustrados de matrimonio. Todo ello no impidi\u00f3 que escribiera las novelas \u201cEl proceso\u201d, \u201cEl castillo\u201d y \u201cEl desaparecido\u00b7 (que muchos le\u00edmos en su d\u00eda con el nombre de \u201cAm\u00e9rica\u201d), la novela corta \u201cLa metamorfosis\u201d y un gran n\u00famero de prodigiosos relatos cortos, adem\u00e1s de sus imprescindibles Diarios y Cartas. Antes de su muerte, le dijo a su amigo y albacea Max Brod que destruyera todos sus manuscritos. Felizmente, no le obedeci\u00f3. Otro material qued\u00f3 en manos de su \u00faltima compa\u00f1era, Dora Diamant, que guard\u00f3 en secreto la mayor\u00eda de sus \u00faltimos escritos, entre ellos 35 cartas y 20 cuadernos, hasta que desaparecieron cuando la Gestapo los confisc\u00f3 en 1933 (la b\u00fasqueda de esos papeles a\u00fan contin\u00faa). Roberto Bola\u00f1o lo consideraba el mejor escritor del siglo porque escrib\u00eda en el abismo (lo hac\u00eda mientras iba cayendo por el abismo como Alicia en el Pa\u00eds de las Maravillas), que es como escribir desde la muerte de uno mismo. Con Kafka aprendimos que a partir de cierto punto no hay retorno (y ese es el punto que hay que alcanzar). Con \u00e9l aprendimos a defender a capa y espada la capacidad de so\u00f1ar y de imaginar (la desgracia de Don Quijote no fue su fantas\u00eda, sino Sancho Panza). Aprendimos que los besos por escrito no llegan a su destino (se los beben por el camino los fantasmas). Aprendimos que en los sue\u00f1os da inicio la escritura, que los sue\u00f1os son la piel que nos arropa en la sombra, que somos el fruto extra\u00f1o que la noche incuba y que las grandes odiseas tambi\u00e9n pueden ocurrir al cabo de un sue\u00f1o intranquilo (de hecho asign\u00f3 uno de ellos a Gregorio Samsa para que despertara convertido en insecto). Y con Kafka, en fin, nos entr\u00f3 un s\u00fabito deseo de ser piel roja (&#8220;Si uno pudiera ser un piel roja siempre alerta, cabalgando sobre un caballo veloz a trav\u00e9s del viento\u2026&#8221;). Han pasado cien a\u00f1os de la muerte de Kafka, as\u00ed que bienvenidos al a\u00f1o Kafka. Estamos ante uno de los mayores genios de la literatura y el autor m\u00e1s inquietante y revelador del siglo pasado. Estamos, adem\u00e1s, en una \u00e9poca cada vez m\u00e1s kafkiana. Una \u00e9poca que resulta absurda por incomprensible y por est\u00fapida. Una \u00e9poca en la que nos gusta repetir errores del pasado. Una \u00e9poca en la que estamos resucitando monstruos. Quiz\u00e1 porque cada vez hay m\u00e1s gente que, al despertarse despu\u00e9s de un sue\u00f1o intranquilo, se encuentra sobre su cama convertido en un monstruoso insecto.<\/p>\n<p>&nbsp;<\/p>\n","protected":false},"excerpt":{"rendered":"<p>Publicado en El Norte de Castilla el 6 de enero de 2024 El 3 de junio de 1924 mor\u00eda Franz Kafka. Lo hac\u00eda a los 40 a\u00f1os v\u00edctima de la tuberculosis. Su temprana muerte le libr\u00f3 de sufrir en sus propias carnes el momento m\u00e1s absurdo y kafkiano (por terrible, por sanguinario, por incomprensible a [&hellip;]<\/p>\n","protected":false},"author":4,"featured_media":0,"comment_status":"open","ping_status":"open","sticky":false,"template":"","format":"standard","meta":[],"categories":[7],"tags":[],"_links":{"self":[{"href":"https:\/\/blogs.elnortedecastilla.es\/vicentealvarez\/wp-json\/wp\/v2\/posts\/3816"}],"collection":[{"href":"https:\/\/blogs.elnortedecastilla.es\/vicentealvarez\/wp-json\/wp\/v2\/posts"}],"about":[{"href":"https:\/\/blogs.elnortedecastilla.es\/vicentealvarez\/wp-json\/wp\/v2\/types\/post"}],"author":[{"embeddable":true,"href":"https:\/\/blogs.elnortedecastilla.es\/vicentealvarez\/wp-json\/wp\/v2\/users\/4"}],"replies":[{"embeddable":true,"href":"https:\/\/blogs.elnortedecastilla.es\/vicentealvarez\/wp-json\/wp\/v2\/comments?post=3816"}],"version-history":[{"count":1,"href":"https:\/\/blogs.elnortedecastilla.es\/vicentealvarez\/wp-json\/wp\/v2\/posts\/3816\/revisions"}],"predecessor-version":[{"id":3818,"href":"https:\/\/blogs.elnortedecastilla.es\/vicentealvarez\/wp-json\/wp\/v2\/posts\/3816\/revisions\/3818"}],"wp:attachment":[{"href":"https:\/\/blogs.elnortedecastilla.es\/vicentealvarez\/wp-json\/wp\/v2\/media?parent=3816"}],"wp:term":[{"taxonomy":"category","embeddable":true,"href":"https:\/\/blogs.elnortedecastilla.es\/vicentealvarez\/wp-json\/wp\/v2\/categories?post=3816"},{"taxonomy":"post_tag","embeddable":true,"href":"https:\/\/blogs.elnortedecastilla.es\/vicentealvarez\/wp-json\/wp\/v2\/tags?post=3816"}],"curies":[{"name":"wp","href":"https:\/\/api.w.org\/{rel}","templated":true}]}}