{"id":382,"date":"2008-06-15T13:48:42","date_gmt":"2008-06-15T13:48:42","guid":{"rendered":"http:\/\/blogs.elnortedecastilla.es\/vicentealvarez\/?p=382"},"modified":"2008-06-15T13:48:42","modified_gmt":"2008-06-15T13:48:42","slug":"solo-tu","status":"publish","type":"post","link":"https:\/\/blogs.elnortedecastilla.es\/vicentealvarez\/2008\/06\/15\/solo-tu\/","title":{"rendered":"S\u00d3LO T\u00da"},"content":{"rendered":"<p> <OBJECT  height=344 width=425><PARAM NAME=\"movie\" VALUE=\"http:\/\/www.youtube.com\/v\/-BlrxJnWVRI&#038;hl=en\"> <embed   src=\"\/\/www.youtube.com\/v\/-BlrxJnWVRI&#038;hl=en\" type=\"application\/x-shockwave-flash\" width=\"425\" height=\"344\"><\/embed><\/OBJECT><br \/>\n <P class=MsoNormal style=\"MARGIN: 0cm 0cm 0pt\"><SPAN style=\"FONT-SIZE: 11pt; FONT-FAMILY: Arial\">Saben a televisi\u00f3n en blanco y negro, a Festival de Vi\u00f1a del Mar o de San Remo, a lis\u00e9rgicos experimentos con el zoom, a veranos gloriosos y muy antiguos. Hoy en d\u00eda pueden resultar horteras. La canci\u00f3n es viejita pero resiste el tiempo. Sobre todo, en mi memoria. Detr\u00e1s de Matia Bazar se escond\u00eda una ex\u00f3tica belleza que desat\u00f3 las hormonas de nuestros quince a\u00f1os. Che bella canzone e che bella ragazza, Antonella Ruggiero. \u201cS\u00f3lo t\u00fa, a mi lado, haces bello lo mejor de mi pasado. S\u00f3lo t\u00fa sabes darme cosas nuevas solamente con mirarme. Nunca estuve tan feliz como ahora junto a ti. S\u00f3lo t\u00fa, noche a noche, me das luz para encender un d\u00eda m\u00e1s\u201d. Alg\u00fan d\u00eda tendr\u00e9 que explicar lo que significa esta canci\u00f3n para m\u00ed y la suerte que me ha dado en la literatura. El mercenario del Dux lo sabe muy bien.<?xml:namespace prefix = o ns = \"urn:schemas-microsoft-com:office:office\" \/><o:p><\/o:p><\/SPAN><\/p>\n","protected":false},"excerpt":{"rendered":"<p>Saben a televisi\u00f3n en blanco y negro, a Festival de Vi\u00f1a del Mar o de San Remo, a lis\u00e9rgicos experimentos con el zoom, a veranos gloriosos y muy antiguos. Hoy en d\u00eda pueden resultar horteras. La canci\u00f3n es viejita pero resiste el tiempo. Sobre todo, en mi memoria. Detr\u00e1s de Matia Bazar se escond\u00eda una [&hellip;]<\/p>\n","protected":false},"author":4,"featured_media":0,"comment_status":"open","ping_status":"closed","sticky":false,"template":"","format":"standard","meta":[],"categories":[13],"tags":[],"_links":{"self":[{"href":"https:\/\/blogs.elnortedecastilla.es\/vicentealvarez\/wp-json\/wp\/v2\/posts\/382"}],"collection":[{"href":"https:\/\/blogs.elnortedecastilla.es\/vicentealvarez\/wp-json\/wp\/v2\/posts"}],"about":[{"href":"https:\/\/blogs.elnortedecastilla.es\/vicentealvarez\/wp-json\/wp\/v2\/types\/post"}],"author":[{"embeddable":true,"href":"https:\/\/blogs.elnortedecastilla.es\/vicentealvarez\/wp-json\/wp\/v2\/users\/4"}],"replies":[{"embeddable":true,"href":"https:\/\/blogs.elnortedecastilla.es\/vicentealvarez\/wp-json\/wp\/v2\/comments?post=382"}],"version-history":[{"count":0,"href":"https:\/\/blogs.elnortedecastilla.es\/vicentealvarez\/wp-json\/wp\/v2\/posts\/382\/revisions"}],"wp:attachment":[{"href":"https:\/\/blogs.elnortedecastilla.es\/vicentealvarez\/wp-json\/wp\/v2\/media?parent=382"}],"wp:term":[{"taxonomy":"category","embeddable":true,"href":"https:\/\/blogs.elnortedecastilla.es\/vicentealvarez\/wp-json\/wp\/v2\/categories?post=382"},{"taxonomy":"post_tag","embeddable":true,"href":"https:\/\/blogs.elnortedecastilla.es\/vicentealvarez\/wp-json\/wp\/v2\/tags?post=382"}],"curies":[{"name":"wp","href":"https:\/\/api.w.org\/{rel}","templated":true}]}}