{"id":384,"date":"2008-06-19T12:59:53","date_gmt":"2008-06-19T12:59:53","guid":{"rendered":"http:\/\/blogs.elnortedecastilla.es\/vicentealvarez\/?p=384"},"modified":"2008-06-19T12:59:53","modified_gmt":"2008-06-19T12:59:53","slug":"un-problema-moral","status":"publish","type":"post","link":"https:\/\/blogs.elnortedecastilla.es\/vicentealvarez\/2008\/06\/19\/un-problema-moral\/","title":{"rendered":"UN PROBLEMA MORAL"},"content":{"rendered":"<p><IMG class=imgizqda id=img_0 src=\"\/vicentealvarez\/wp-content\/uploads\/sites\/3\"><br \/>\nPublicado en El Norte de Castilla el 19 de junio de 2008.<\/p>\n<p> <DIV class=text> <DIV class=barhead> <DIV class=ln id=story-entradilla><\/DIV><\/DIV> <DIV class=p id=story-texto> <DIV class=p>&#8220;Act\u00faa&#8221; es el nombre de un festival de cortometrajes que se celebr\u00f3 la pasada semana durante tres d\u00edas en una veintena de ciudades espa\u00f1olas, entre ellas Valladolid. Dice la gente de Interm\u00f3n Oxfam, organizadores del festival, que utilizan el cine como palanca de movilizaci\u00f3n, como una herramienta para dar a conocer ciertos mensajes, para concienciar a la gente y para fomentar una sociedad m\u00e1s justa y sostenible. Yo llevo tiempo insistiendo en que el cine es el veh\u00edculo de comunicaci\u00f3n m\u00e1s poderoso e influyente que existe, capaz de llegar a los rincones m\u00e1s ocultos del planeta. El complemento ideal para la abnegada y admirable labor de multitud de oeneg\u00e9s que reivindican la hermosa utop\u00eda de querer cambiar el mundo. Podr\u00edamos hablar aqu\u00ed de la capacidad real que tiene el cine social, de si sirve para algo, de si el cine social puede transmitir informaci\u00f3n, cambiar conciencias y movilizar a la gente. Muchos se siguen parapetando en la c\u00f3moda excusa de que al cine no va uno a sufrir sino a divertirse. A todos nos gusta Indiana Jones, claro. Sin embargo, hay momentos para todo. Por supuesto, a nadie le apetece ir a ver una pel\u00edcula y que le den un pu\u00f1etazo en el est\u00f3mago. O, lo que es peor, en la conciencia. En Interm\u00f3n Oxfam lo saben. Saben que entre todos podemos cambiar el mundo. Saben que existe un lugar m\u00e1s humano, solidario y en paz al que todos debemos aspirar. Saben que la mejor ayuda para un pa\u00eds pobre es apoyarle para que pueda valerse por s\u00ed mismo. Saben que tenemos un gran poder y que el movimiento civil est\u00e1 muy por encima de cualquier pol\u00edtica. Saben que estamos obligados a demandar a nuestros gobiernos y a las grandes empresas (que gobiernan a nuestros gobiernos, dicho sea de paso) nuevos c\u00f3digos \u00e9ticos. Saben que apostar por las energ\u00edas renovables, por los desplazamientos sostenibles o por el uso racional de muchas cosas cotidianas son &#8216;peque\u00f1os grandes actos&#8217; que no nos cuestan nada y que pueden salvarnos. Saben, en fin, que no hablamos de un problema pol\u00edtico sino de un problema moral. El s\u00e1bado, junto a representantes de Greenpeace y de Asamblea Ciclista (que luchan por amsterdamizar Valladolid), nos ense\u00f1aron multitud de cosas. Algunas de ellas a trav\u00e9s de las impactantes im\u00e1genes del cine. Yo todav\u00eda sigo d\u00e1ndole vueltas a un documental franc\u00e9s, un espeluznante retrato de un laboratorio que, con tal de priorizar el ahorro, contamin\u00f3 de sida conscientemente a miles de franceses. La historia de uno de ellos sigue golpe\u00e1ndome el alma. Por cierto, el director del laboratorio criminal recibi\u00f3 la Legi\u00f3n de Honor en 1990. As\u00ed funciona este mundo.. <\/DIV> <DIV class=p>PD. Antes de las proyecciones de los cortos ganadores, Interm\u00f3n Oxfam y Canal+ nos regalaron un documento impagable: las Memorias de Christian Alexander llegadas desde un futuro no muy lejano. \u00abRecuerdo aquella \u00e9poca de agua. Sol\u00edamos comer fruta. Hab\u00eda agua para las cosechas. \u00bfRecuerdas el olor del mercado? \u00bfRecuerdas el aire puro? \u00a1C\u00f3mo acariciaba nuestros rostros! \u00bfRecuerdas la nieve? \u00a1Peleas de nieve entre risas! Todav\u00eda vivo en el eterno anhelo del hombre que espera. \u00bfCambiar\u00eda algo? \u00bfHubiera besado m\u00e1s? \u00a1Todos los besos perdidos en el viento! \u00bfHubiera bebido m\u00e1s agua? \u00bfHubiera cerrado el grifo?\u00bb <\/DIV><\/DIV><\/DIV><!-- fin-art--><\/p>\n","protected":false},"excerpt":{"rendered":"<p>Publicado en El Norte de Castilla el 19 de junio de 2008. &#8220;Act\u00faa&#8221; es el nombre de un festival de cortometrajes que se celebr\u00f3 la pasada semana durante tres d\u00edas en una veintena de ciudades espa\u00f1olas, entre ellas Valladolid. Dice la gente de Interm\u00f3n Oxfam, organizadores del festival, que utilizan el cine como palanca de [&hellip;]<\/p>\n","protected":false},"author":4,"featured_media":0,"comment_status":"open","ping_status":"closed","sticky":false,"template":"","format":"standard","meta":[],"categories":[7],"tags":[],"_links":{"self":[{"href":"https:\/\/blogs.elnortedecastilla.es\/vicentealvarez\/wp-json\/wp\/v2\/posts\/384"}],"collection":[{"href":"https:\/\/blogs.elnortedecastilla.es\/vicentealvarez\/wp-json\/wp\/v2\/posts"}],"about":[{"href":"https:\/\/blogs.elnortedecastilla.es\/vicentealvarez\/wp-json\/wp\/v2\/types\/post"}],"author":[{"embeddable":true,"href":"https:\/\/blogs.elnortedecastilla.es\/vicentealvarez\/wp-json\/wp\/v2\/users\/4"}],"replies":[{"embeddable":true,"href":"https:\/\/blogs.elnortedecastilla.es\/vicentealvarez\/wp-json\/wp\/v2\/comments?post=384"}],"version-history":[{"count":0,"href":"https:\/\/blogs.elnortedecastilla.es\/vicentealvarez\/wp-json\/wp\/v2\/posts\/384\/revisions"}],"wp:attachment":[{"href":"https:\/\/blogs.elnortedecastilla.es\/vicentealvarez\/wp-json\/wp\/v2\/media?parent=384"}],"wp:term":[{"taxonomy":"category","embeddable":true,"href":"https:\/\/blogs.elnortedecastilla.es\/vicentealvarez\/wp-json\/wp\/v2\/categories?post=384"},{"taxonomy":"post_tag","embeddable":true,"href":"https:\/\/blogs.elnortedecastilla.es\/vicentealvarez\/wp-json\/wp\/v2\/tags?post=384"}],"curies":[{"name":"wp","href":"https:\/\/api.w.org\/{rel}","templated":true}]}}