{"id":3879,"date":"2024-05-11T12:56:55","date_gmt":"2024-05-11T11:56:55","guid":{"rendered":"https:\/\/blogs.elnortedecastilla.es\/vicentealvarez\/?p=3879"},"modified":"2024-05-11T12:58:02","modified_gmt":"2024-05-11T11:58:02","slug":"la-controversia-de-valladolid","status":"publish","type":"post","link":"https:\/\/blogs.elnortedecastilla.es\/vicentealvarez\/2024\/05\/11\/la-controversia-de-valladolid\/","title":{"rendered":"LA CONTROVERSIA DE VALLADOLID"},"content":{"rendered":"<p><a href=\"https:\/\/static-blogs.elnortedecastilla.es\/wp-content\/uploads\/sites\/3\/2024\/05\/La-Controversia-de-Valladolid-Poster-1458x2048.jpg\"><img loading=\"lazy\" class=\"alignleft size-medium wp-image-3880\" src=\"https:\/\/static-blogs.elnortedecastilla.es\/wp-content\/uploads\/sites\/3\/2024\/05\/La-Controversia-de-Valladolid-Poster-1458x2048-214x300.jpg\" alt=\"\" width=\"214\" height=\"300\" srcset=\"https:\/\/static-blogs.elnortedecastilla.es\/wp-content\/uploads\/sites\/3\/2024\/05\/La-Controversia-de-Valladolid-Poster-1458x2048-214x300.jpg 214w, https:\/\/static-blogs.elnortedecastilla.es\/wp-content\/uploads\/sites\/3\/2024\/05\/La-Controversia-de-Valladolid-Poster-1458x2048-768x1079.jpg 768w, https:\/\/static-blogs.elnortedecastilla.es\/wp-content\/uploads\/sites\/3\/2024\/05\/La-Controversia-de-Valladolid-Poster-1458x2048-729x1024.jpg 729w, https:\/\/static-blogs.elnortedecastilla.es\/wp-content\/uploads\/sites\/3\/2024\/05\/La-Controversia-de-Valladolid-Poster-1458x2048.jpg 1458w\" sizes=\"(max-width: 214px) 100vw, 214px\" \/><\/a>Publicado en El Norte de Castilla el 11 de mayo de 2024<\/p>\n<p><span style=\"color: #800080;\">Hay gente que cuando escucha eso de \u201cla controversia de Valladolid\u201d piensa, como mucho, que se refiere a la pol\u00e9mica de Pezzolano s\u00ed o Pezzolano no. O algo por el estilo. La mayor\u00eda no tiene ni idea de lo que significa. Ni aun estudiando en la Universidad de Valladolid nunca nos hablaron de uno de los sucesos m\u00e1s importantes y trascendentales de toda la historia. Y sucedi\u00f3 aqu\u00ed, en el Colegio de San Gregorio de Valladolid. Eso da idea de la desafecci\u00f3n y el desd\u00e9n que tenemos en esta tierra por nuestra propia historia. Para compensar de alguna forma este constante repudio por lo propio se ha estrenado \u201cLa controversia de Valladolid: El amanecer de los derechos humanos\u201d. Esta pel\u00edcula, obra del cineasta Juan Rodr\u00edguez-Briso, viene a complementar al film franc\u00e9s de 1992 que es cuando muchos nos enteramos de lo que hab\u00eda sucedido al lado de nuestra casa hace casi cinco siglos. Fue entonces cuando, por primera vez en la historia, se debati\u00f3 sobre los derechos humanos y la dignidad del hombre. Hab\u00edan pasado ya m\u00e1s de cincuenta a\u00f1os desde el descubrimiento de Am\u00e9rica (las Indias del Oeste que algunos llamaban ya Nuevo Mundo) y tras las repetidas denuncias de los dominicos sobre el maltrato que se estaba dispensando a los pueblos ind\u00edgenas se gener\u00f3 un intenso debate de ra\u00edces filos\u00f3ficas, jur\u00eddicas y teol\u00f3gicas que culmin\u00f3 en la celebraci\u00f3n de lo que se llam\u00f3 \u201cla controversia de Valladolid\u201d. Aqu\u00ed se reunieron un pu\u00f1ado de hombres para discutir, por orden del emperador Carlos V, si la conquista era l\u00edcita, si emplear la guerra con el fin de adoctrinar y propagar el Evangelio era justo y si los ind\u00edgenas estaban recibiendo un trato humano. Por un lado, Bartolom\u00e9 de las Casas, defensor de los derechos de los ind\u00edgenas, apostaba por una evangelizaci\u00f3n pac\u00edfica. Para \u00e9l todo imperialismo era injusto y los indios, como vasallos libres de nuestra corona, ten\u00edan personalidad jur\u00eddica y los mismos derechos que el resto de los espa\u00f1oles. Por el otro, Gin\u00e9s de Sep\u00falveda, valedor de los derechos de los encomenderos, defend\u00eda la legitimidad de la conquista y la obligaci\u00f3n de evangelizar a los que consideraba aut\u00e9nticos salvajes, capaces de adorar a peligrosos \u00eddolos y de hacer incluso sacrificios humanos. Para \u00e9l, \u00eddolos como la Serpiente Emplumada eran una aut\u00e9ntica ofensa a Dios y hab\u00eda que proteger a los indios de sus despiadados caudillos. Las conclusiones del intenso debate resultaron ambiguas (los dos bandos se creyeron vencedores en la disputa) pero sirvi\u00f3 para que, por primera vez en la historia, se hablara de la dignidad del hombre y de lo que hoy conocemos como derechos humanos. Sirvi\u00f3 tambi\u00e9n para que, en plena conquista, un reino se planteara lo nunca visto hasta entonces: la legitimidad moral de sus ocupaciones. De hecho, Carlos V lleg\u00f3 a firmar de su propio pu\u00f1o y letra, en Valladolid a 16 de abril de 1550, \u201cque se suspenda la conquista\u201d. Aquello fue un largo proceso que se explica muy bien en la pel\u00edcula de Rodr\u00edguez-Briso. Ya en 1503 Isabel la Cat\u00f3lica hab\u00eda firmado una Real Provisi\u00f3n para otorgar protecci\u00f3n a los indios a los que consideraba personas libres y no siervos. Antes del debate en Valladolid, se hab\u00eda aprobado el matrimonio interracial y se hab\u00edan firmado las Leyes de Burgos y las Leyes Nuevas de Barcelona, en las que se detallaba c\u00f3mo se deb\u00eda tratar a los ind\u00edgenas, eso sin olvidar el famoso serm\u00f3n de Fray Antonio de Montesinos, primer grito de libertad que se escuch\u00f3 en Am\u00e9rica. Gestos, leyes y reivindicaciones que ni se plantearon el resto de los pa\u00edses que pusieron sus zarpas en el Nuevo Mundo. Por no hablar de otros inhumanos imperialismos, desde la Inglaterra de la India hasta la B\u00e9lgica del Congo (esto ya en pleno siglo XX). \u201cLa controversia de Valladolid\u201d no puso fin a los abusos, pero al menos se convirti\u00f3 en la cuna de los derechos humanos.<\/span><\/p>\n","protected":false},"excerpt":{"rendered":"<p>Publicado en El Norte de Castilla el 11 de mayo de 2024 Hay gente que cuando escucha eso de \u201cla controversia de Valladolid\u201d piensa, como mucho, que se refiere a la pol\u00e9mica de Pezzolano s\u00ed o Pezzolano no. O algo por el estilo. La mayor\u00eda no tiene ni idea de lo que significa. Ni aun [&hellip;]<\/p>\n","protected":false},"author":4,"featured_media":0,"comment_status":"open","ping_status":"open","sticky":false,"template":"","format":"standard","meta":[],"categories":[7],"tags":[],"_links":{"self":[{"href":"https:\/\/blogs.elnortedecastilla.es\/vicentealvarez\/wp-json\/wp\/v2\/posts\/3879"}],"collection":[{"href":"https:\/\/blogs.elnortedecastilla.es\/vicentealvarez\/wp-json\/wp\/v2\/posts"}],"about":[{"href":"https:\/\/blogs.elnortedecastilla.es\/vicentealvarez\/wp-json\/wp\/v2\/types\/post"}],"author":[{"embeddable":true,"href":"https:\/\/blogs.elnortedecastilla.es\/vicentealvarez\/wp-json\/wp\/v2\/users\/4"}],"replies":[{"embeddable":true,"href":"https:\/\/blogs.elnortedecastilla.es\/vicentealvarez\/wp-json\/wp\/v2\/comments?post=3879"}],"version-history":[{"count":2,"href":"https:\/\/blogs.elnortedecastilla.es\/vicentealvarez\/wp-json\/wp\/v2\/posts\/3879\/revisions"}],"predecessor-version":[{"id":3882,"href":"https:\/\/blogs.elnortedecastilla.es\/vicentealvarez\/wp-json\/wp\/v2\/posts\/3879\/revisions\/3882"}],"wp:attachment":[{"href":"https:\/\/blogs.elnortedecastilla.es\/vicentealvarez\/wp-json\/wp\/v2\/media?parent=3879"}],"wp:term":[{"taxonomy":"category","embeddable":true,"href":"https:\/\/blogs.elnortedecastilla.es\/vicentealvarez\/wp-json\/wp\/v2\/categories?post=3879"},{"taxonomy":"post_tag","embeddable":true,"href":"https:\/\/blogs.elnortedecastilla.es\/vicentealvarez\/wp-json\/wp\/v2\/tags?post=3879"}],"curies":[{"name":"wp","href":"https:\/\/api.w.org\/{rel}","templated":true}]}}