{"id":3883,"date":"2024-05-15T12:33:52","date_gmt":"2024-05-15T11:33:52","guid":{"rendered":"https:\/\/blogs.elnortedecastilla.es\/vicentealvarez\/?p=3883"},"modified":"2024-05-15T12:33:52","modified_gmt":"2024-05-15T11:33:52","slug":"la-banda-de-los-horripilantes","status":"publish","type":"post","link":"https:\/\/blogs.elnortedecastilla.es\/vicentealvarez\/2024\/05\/15\/la-banda-de-los-horripilantes\/","title":{"rendered":"LA BANDA DE LOS HORRIPILANTES"},"content":{"rendered":"<p><a href=\"https:\/\/static-blogs.elnortedecastilla.es\/wp-content\/uploads\/sites\/3\/2024\/05\/banda-de-los-horripilantes.jpg\"><img loading=\"lazy\" class=\"alignleft size-medium wp-image-3884\" src=\"https:\/\/static-blogs.elnortedecastilla.es\/wp-content\/uploads\/sites\/3\/2024\/05\/banda-de-los-horripilantes-206x300.jpg\" alt=\"\" width=\"206\" height=\"300\" srcset=\"https:\/\/static-blogs.elnortedecastilla.es\/wp-content\/uploads\/sites\/3\/2024\/05\/banda-de-los-horripilantes-206x300.jpg 206w, https:\/\/static-blogs.elnortedecastilla.es\/wp-content\/uploads\/sites\/3\/2024\/05\/banda-de-los-horripilantes.jpg 572w\" sizes=\"(max-width: 206px) 100vw, 206px\" \/><\/a>Despu\u00e9s de leer hace unas fechas la rese\u00f1a que de esta novela hizo maese L\u00f3pez Aroca, me entraron unas ganas locas de leerla. Tras comprobar que, entre las decenas del gran Debrigode que tengo pendientes en la estanter\u00eda, \u201cLa banda de los horripilantes\u201d estaba all\u00ed, esper\u00e1ndome, me lanc\u00e9 a ella como un poseso. Se preguntaba L\u00f3pez Aroca si esta novelita de a duro pod\u00eda considerarse una obra maestra, si cualquiera de nosotros habr\u00eda estado orgulloso de escribir una novela tan inquietante, tan s\u00f3rdida, tan perfecta, con una turbia atm\u00f3sfera tan enviciada. Tras leerla solo puedo soltar un SI may\u00fasculo.<\/p>\n<p>El argumento podr\u00eda trasvasarse a un giallo de los 70 con m\u00fasica de Morricone. Una pandilla de descerebrados, gente canalla y barriobajera de Montmartre que se citan en el Bar Picnic, deciden pas\u00e1rselo bien y coger el expreso Costa Azul direcci\u00f3n Niza. Lo hacen con m\u00e1scaras horripilantes. El de la m\u00e1scara de cerdo, jefe de la piara, se llama Morel. Le acompa\u00f1an la leona del vis\u00f3n, una dogaresa velada de tul negro, un gigante con cabeza de polichinela, otro gigante con m\u00e1scara de bruja espantosa y un pato col\u00e9rico con abrigo de astrac\u00e1n. En palabras del jefe del convoy \u201cuna piara de puercos humanos escapados de un bajo relieve terror\u00edfico\u201d.<\/p>\n<p>En uno de los departamentos del tren est\u00e1 sentada una pareja que se acaba de conocer. Ella, una mujer madura, de nombre Clara Ravel, se dirige a Niza para hacer un provechoso negocio que tiene que ver con una virgen de alabastro. \u00c9l, un joven de nombre Bergerac, es un cazafortunas y va detr\u00e1s de una rica heredera con la que se piensa escapar para casarse. Se supone que ella va en un departamento del citado tren, pero tambi\u00e9n viajan unos matones contratados por el t\u00edo de la rica heredera. Y, a prop\u00f3sito, \u00bfqu\u00e9 hace en el tren el impasible comisario Lefort, un famoso cazador de estafadores y delincuentes de altos vuelos?<\/p>\n<p>Porque el conflicto no tarda en surgir cuando los seis horripilantes deciden instalarse en el mismo departamento que la pareja. Hay una discusi\u00f3n, la pareja va a cenar, los horripilantes aprovechan para tirar sus abrigos y sus maletas por la ventanilla y cuando ella regresa, fingen no conocerla. Bergerac, por su parte, ha acudido a su cita y no aparece en toda la noche. \u00bfQu\u00e9 ha pasado con Bergerac? \u00bfY con Clara? \u00bfY con la banda de horripilantes? \u00bfQu\u00e9 va a suceder cuando lleguen todos a Niza?<\/p>\n<p>Esto solo es el principio. Debrigode en estado puro. Con su verborrea gloriosa y envidiable, capaz de describir una situaci\u00f3n en un par de frases con un chispazo de genialidad: \u201cEl tren disminu\u00eda su marcha. Racimos de luces violetas desfilaron tras los cristales. Dijon, parada y fonda\u201d. O de describir a los personajes como solo lo puede hacer un aut\u00e9ntico maestro, con un dominio del lenguaje y con una imaginaci\u00f3n tan desbordante como envidiable. No s\u00e9 la cantidad de veces que habr\u00e9 comentado, en anteriores rese\u00f1as, que la forma de escribir de Debrigode me recuerda a Valle-Incl\u00e1n. En esta novela, ese parecido se multiplica por mil, como si Debrigode hubiese hecho pasear a sus personajes por el callej\u00f3n del Gato y les hubiese expuesto delante de los espejos deformantes para construir un esperpento \u00fanico. Quiz\u00e1 sea una obsesi\u00f3n m\u00eda, pero hay descripciones, estructuras de frases y ambientaciones que solo las podr\u00eda escribir el genial gallego. Eso pens\u00e1bamos todos. Pues no. El se\u00f1or Debrigode, con todas las limitaciones impuestas por el ritmo de escritura exigido por las editoriales y la celeridad en el plazo de entregas, era capaz de regalarnos novelas con una calidad estratosf\u00e9rica. Si parece un milagro escribir estas novelitas en una semana, qu\u00e9 podemos decir si encima alguien como Debrigode lo hace con un estilo tan depurado, tan barroco a veces, tan genial siempre.<\/p>\n<p>Pues eso, puritita obra maestra estos horripilantes \u00fanicos escritos por el \u00fanico Debrigode.<\/p>\n","protected":false},"excerpt":{"rendered":"<p>Despu\u00e9s de leer hace unas fechas la rese\u00f1a que de esta novela hizo maese L\u00f3pez Aroca, me entraron unas ganas locas de leerla. Tras comprobar que, entre las decenas del gran Debrigode que tengo pendientes en la estanter\u00eda, \u201cLa banda de los horripilantes\u201d estaba all\u00ed, esper\u00e1ndome, me lanc\u00e9 a ella como un poseso. Se preguntaba [&hellip;]<\/p>\n","protected":false},"author":4,"featured_media":0,"comment_status":"open","ping_status":"open","sticky":false,"template":"","format":"standard","meta":[],"categories":[11],"tags":[],"_links":{"self":[{"href":"https:\/\/blogs.elnortedecastilla.es\/vicentealvarez\/wp-json\/wp\/v2\/posts\/3883"}],"collection":[{"href":"https:\/\/blogs.elnortedecastilla.es\/vicentealvarez\/wp-json\/wp\/v2\/posts"}],"about":[{"href":"https:\/\/blogs.elnortedecastilla.es\/vicentealvarez\/wp-json\/wp\/v2\/types\/post"}],"author":[{"embeddable":true,"href":"https:\/\/blogs.elnortedecastilla.es\/vicentealvarez\/wp-json\/wp\/v2\/users\/4"}],"replies":[{"embeddable":true,"href":"https:\/\/blogs.elnortedecastilla.es\/vicentealvarez\/wp-json\/wp\/v2\/comments?post=3883"}],"version-history":[{"count":1,"href":"https:\/\/blogs.elnortedecastilla.es\/vicentealvarez\/wp-json\/wp\/v2\/posts\/3883\/revisions"}],"predecessor-version":[{"id":3885,"href":"https:\/\/blogs.elnortedecastilla.es\/vicentealvarez\/wp-json\/wp\/v2\/posts\/3883\/revisions\/3885"}],"wp:attachment":[{"href":"https:\/\/blogs.elnortedecastilla.es\/vicentealvarez\/wp-json\/wp\/v2\/media?parent=3883"}],"wp:term":[{"taxonomy":"category","embeddable":true,"href":"https:\/\/blogs.elnortedecastilla.es\/vicentealvarez\/wp-json\/wp\/v2\/categories?post=3883"},{"taxonomy":"post_tag","embeddable":true,"href":"https:\/\/blogs.elnortedecastilla.es\/vicentealvarez\/wp-json\/wp\/v2\/tags?post=3883"}],"curies":[{"name":"wp","href":"https:\/\/api.w.org\/{rel}","templated":true}]}}