{"id":389,"date":"2008-06-30T18:49:24","date_gmt":"2008-06-30T18:49:24","guid":{"rendered":"http:\/\/blogs.elnortedecastilla.es\/vicentealvarez\/?p=389"},"modified":"2008-06-30T18:49:24","modified_gmt":"2008-06-30T18:49:24","slug":"la-bella-y-bestia","status":"publish","type":"post","link":"https:\/\/blogs.elnortedecastilla.es\/vicentealvarez\/2008\/06\/30\/la-bella-y-bestia\/","title":{"rendered":"LA BELLA Y LA BESTIA"},"content":{"rendered":"<p><IMG class=imgizqda id=img_0 src=\"\/vicentealvarez\/wp-content\/uploads\/sites\/3\"><br \/>\nPublicado en El Norte de Castilla el 30 de junio de 2008<\/p>\n<p> <DIV class=p id=story-texto> <DIV class=p>Forma parte de la memoria personal de millones de personas. Todo empez\u00f3 en 1984. Un 12 a 1 ante Malta nos permiti\u00f3 ser testigos de la \u00fanica vez que a Jos\u00e9 \u00c1ngel de la Casa le tembl\u00f3 la voz al cantar un gol. Fue el preludio m\u00edtico de una Eurocopa gloriosa, el final de un t\u00fanel en el que nos hab\u00eda metido el puto Naranjito y el acostumbrado fatalismo espa\u00f1ol. Luego, en la final, m\u00e1s de lo mismo. Y as\u00ed 24 a\u00f1os. Hasta esta Eurocopa a la que llegamos con Luis en la cuerda floja, un poco do\u00f1a Rogelia (con su eterno ch\u00e1ndal de domingo que tanto chocaba con algunos entrenadores de pasarela) y un mucho sabio de Hortaleza, aunque s\u00f3lo fuera por haberse empe\u00f1ado en formar un grupo unido. Cr\u00edticas y presiones mezquinas no amedrentaron al abuelo. Era el eslab\u00f3n imprescindible para que la generaci\u00f3n de j\u00f3venes ganadores diera un pu\u00f1etazo encima de la mesa. Los chicos del tenis, del ciclismo, del motociclismo, del automovilismo, del baloncesto o del balonmano ya hab\u00edan cumplido. S\u00f3lo los futbolistas nos estaban fallando. <\/DIV> <DIV class=p>Espa\u00f1a lleg\u00f3 a la final bailando bajo la lluvia. En el camino quedaron la campeona (una Grecia m\u00e1s rota que el Parten\u00f3n), la Suecia del gran Ibrahimovic, el catenaccio mezquino de Italia y la Rusia del Romario de las estepas, el an\u00e1rquico Arzhavin. S\u00f3lo faltaba la apisonadora alemana. Era la final m\u00e1s esperada. La bella contra la bestia. La magia impredecible de los locos bajitos frente a los &#8216;robocops&#8217; alemanes. Los pitufos contra las torres teutonas, la imaginaci\u00f3n contra la fortaleza, el juego de cartab\u00f3n y escuadra contra el destino. <\/DIV> <DIV class=p>Muchos lo ten\u00edamos claro. No hab\u00eda color entre un tiparraco como Lehmann (escocido suplente de Almunia en el Arsenal) y el &#8216;gentleman&#8217; Casillas que no s\u00f3lo tiene una flor en el culo sino que para como los \u00e1ngeles. O entre un sobrevalorad\u00edsimo Ballack y un Xavi que, de llamarse Xavinho o Xavinovic, habr\u00eda sido declarado mejor jugador del mundo hace a\u00f1os. \u00bfQu\u00e9 tienen que envidiar los Puyol, Villa (el verdadero 7 de la Roja), Torres, Cesc o Iniesta a tipos de nombre impronunciable con un juego m\u00e1s previsible que el trailer de una pel\u00edcula porno? La tan ensalzada como improductiva furia espa\u00f1ola ha dejado paso al tiki-taka, a jugadores con frac y verg\u00fcenza torera. Viena, la capital de la m\u00fasica, ha asistido at\u00f3nita a un concierto de filigranas, a una imperial sinfon\u00eda de pases, ingenio, remates e inspiraci\u00f3n, a una Espa\u00f1a salvajemente desatada. <\/DIV> <DIV class=p>Quedar\u00e1n siempre en nuestra retina momentos inolvidables: las l\u00e1grimas de Villa, los abrazos del banquillo, la figura del arquero de G\u00fciza, Torres elevando sutilmente el bal\u00f3n sobre la salida de Lehmann, Ramos con la camiseta del llorado Puerta o Palop con la del m\u00edtico Arconada. La selecci\u00f3n de la \u00d1, los jugones que m\u00e1s r\u00e1pido y mejor tocan la pelota, han pasado ya a la historia y se han apropiado de la estrella que siempre se nos neg\u00f3. Arconada ha sido vengado. <\/DIV> <DIV class=p>Es hora de incendiar la noche. Vamos a bebernos toda la cerveza alemana que podamos y, de paso, intentar consolar a alguna alemana. Y como el pan y el circo en este pa\u00eds siempre han funcionado muy bien me imagino que la crisis (o la desaceleraci\u00f3n econ\u00f3mica) se ir\u00e1 al carajo. Aviso para jefes: ma\u00f1ana no vamos a trabajar. <\/DIV><\/DIV><\/p>\n","protected":false},"excerpt":{"rendered":"<p>Publicado en El Norte de Castilla el 30 de junio de 2008 Forma parte de la memoria personal de millones de personas. Todo empez\u00f3 en 1984. Un 12 a 1 ante Malta nos permiti\u00f3 ser testigos de la \u00fanica vez que a Jos\u00e9 \u00c1ngel de la Casa le tembl\u00f3 la voz al cantar un gol. [&hellip;]<\/p>\n","protected":false},"author":4,"featured_media":0,"comment_status":"open","ping_status":"closed","sticky":false,"template":"","format":"standard","meta":[],"categories":[7],"tags":[],"_links":{"self":[{"href":"https:\/\/blogs.elnortedecastilla.es\/vicentealvarez\/wp-json\/wp\/v2\/posts\/389"}],"collection":[{"href":"https:\/\/blogs.elnortedecastilla.es\/vicentealvarez\/wp-json\/wp\/v2\/posts"}],"about":[{"href":"https:\/\/blogs.elnortedecastilla.es\/vicentealvarez\/wp-json\/wp\/v2\/types\/post"}],"author":[{"embeddable":true,"href":"https:\/\/blogs.elnortedecastilla.es\/vicentealvarez\/wp-json\/wp\/v2\/users\/4"}],"replies":[{"embeddable":true,"href":"https:\/\/blogs.elnortedecastilla.es\/vicentealvarez\/wp-json\/wp\/v2\/comments?post=389"}],"version-history":[{"count":0,"href":"https:\/\/blogs.elnortedecastilla.es\/vicentealvarez\/wp-json\/wp\/v2\/posts\/389\/revisions"}],"wp:attachment":[{"href":"https:\/\/blogs.elnortedecastilla.es\/vicentealvarez\/wp-json\/wp\/v2\/media?parent=389"}],"wp:term":[{"taxonomy":"category","embeddable":true,"href":"https:\/\/blogs.elnortedecastilla.es\/vicentealvarez\/wp-json\/wp\/v2\/categories?post=389"},{"taxonomy":"post_tag","embeddable":true,"href":"https:\/\/blogs.elnortedecastilla.es\/vicentealvarez\/wp-json\/wp\/v2\/tags?post=389"}],"curies":[{"name":"wp","href":"https:\/\/api.w.org\/{rel}","templated":true}]}}