{"id":390,"date":"2008-07-01T21:04:24","date_gmt":"2008-07-01T21:04:24","guid":{"rendered":"http:\/\/blogs.elnortedecastilla.es\/vicentealvarez\/?p=390"},"modified":"2008-07-01T21:04:24","modified_gmt":"2008-07-01T21:04:24","slug":"lecciones-filosofia-chris-stevens-12","status":"publish","type":"post","link":"https:\/\/blogs.elnortedecastilla.es\/vicentealvarez\/2008\/07\/01\/lecciones-filosofia-chris-stevens-12\/","title":{"rendered":"LECCIONES DE FILOSOF\u00cdA DE CHRIS STEVENS (12)"},"content":{"rendered":"<p><P class=MsoNormal style=\"MARGIN: 0cm 0cm 0pt; TEXT-ALIGN: justify\"><EM><SPAN style=\"FONT-SIZE: 11pt; FONT-STYLE: normal; FONT-FAMILY: Arial; mso-bidi-font-style: italic\">\u201cEn los sue\u00f1os comienza la responsabilidad\u201d, escribi\u00f3 <\/SPAN><\/EM><SPAN style=\"FONT-SIZE: 11pt; FONT-FAMILY: Arial\">el poeta. Y quiz\u00e1s as\u00ed es. \u00bfPodr\u00eda ser que tomamos nuestros sue\u00f1os demasiado a la ligera? \u00bfEsas im\u00e1genes de lugares desconocidos no podr\u00edan ser de hecho \u00e1ngeles en vuelo, nuestras almas por los aires? Recientes experiencias han hecho que vuestro servidor penetre de nuevo en las espesuras de lo metaf\u00edsico. Y por ins\u00f3lito que parezca en esta era de lo racional emerg\u00ed del lado de los que no tienen m\u00e1s remedio que depositar su fe en cosas dif\u00edcilmente explicables. Abr\u00edos a vuestros sue\u00f1os, amigos. Abrazad esa orilla distante, porque nuestro viaje mortal termina demasiado pronto. \u201cLas altas torres, los bellos palacios, los templos solemnes, todo el globo en realidad, todo ello terminar\u00e1 por disolverse. Y como una pantomima insustancial no dejar\u00e1 el menor rastro. De la misma sustancia de los sue\u00f1os estamos hechos. Y nuestras peque\u00f1as vidas terminan con un sue\u00f1o\u201d. <?xml:namespace prefix = o ns = \"urn:schemas-microsoft-com:office:office\" \/><o:p><\/o:p><\/SPAN><\/p>\n<p> <P class=MsoNormal style=\"MARGIN: 0cm 0cm 0pt; TEXT-ALIGN: justify\"><\/p>\n","protected":false},"excerpt":{"rendered":"<p>\u201cEn los sue\u00f1os comienza la responsabilidad\u201d, escribi\u00f3 el poeta. Y quiz\u00e1s as\u00ed es. \u00bfPodr\u00eda ser que tomamos nuestros sue\u00f1os demasiado a la ligera? \u00bfEsas im\u00e1genes de lugares desconocidos no podr\u00edan ser de hecho \u00e1ngeles en vuelo, nuestras almas por los aires? Recientes experiencias han hecho que vuestro servidor penetre de nuevo en las espesuras de [&hellip;]<\/p>\n","protected":false},"author":4,"featured_media":0,"comment_status":"open","ping_status":"closed","sticky":false,"template":"","format":"standard","meta":[],"categories":[17],"tags":[],"_links":{"self":[{"href":"https:\/\/blogs.elnortedecastilla.es\/vicentealvarez\/wp-json\/wp\/v2\/posts\/390"}],"collection":[{"href":"https:\/\/blogs.elnortedecastilla.es\/vicentealvarez\/wp-json\/wp\/v2\/posts"}],"about":[{"href":"https:\/\/blogs.elnortedecastilla.es\/vicentealvarez\/wp-json\/wp\/v2\/types\/post"}],"author":[{"embeddable":true,"href":"https:\/\/blogs.elnortedecastilla.es\/vicentealvarez\/wp-json\/wp\/v2\/users\/4"}],"replies":[{"embeddable":true,"href":"https:\/\/blogs.elnortedecastilla.es\/vicentealvarez\/wp-json\/wp\/v2\/comments?post=390"}],"version-history":[{"count":0,"href":"https:\/\/blogs.elnortedecastilla.es\/vicentealvarez\/wp-json\/wp\/v2\/posts\/390\/revisions"}],"wp:attachment":[{"href":"https:\/\/blogs.elnortedecastilla.es\/vicentealvarez\/wp-json\/wp\/v2\/media?parent=390"}],"wp:term":[{"taxonomy":"category","embeddable":true,"href":"https:\/\/blogs.elnortedecastilla.es\/vicentealvarez\/wp-json\/wp\/v2\/categories?post=390"},{"taxonomy":"post_tag","embeddable":true,"href":"https:\/\/blogs.elnortedecastilla.es\/vicentealvarez\/wp-json\/wp\/v2\/tags?post=390"}],"curies":[{"name":"wp","href":"https:\/\/api.w.org\/{rel}","templated":true}]}}