{"id":392,"date":"2008-07-06T19:22:55","date_gmt":"2008-07-06T19:22:55","guid":{"rendered":"http:\/\/blogs.elnortedecastilla.es\/vicentealvarez\/?p=392"},"modified":"2008-07-06T19:22:55","modified_gmt":"2008-07-06T19:22:55","slug":"la-seminci-ya-esta-triste","status":"publish","type":"post","link":"https:\/\/blogs.elnortedecastilla.es\/vicentealvarez\/2008\/07\/06\/la-seminci-ya-esta-triste\/","title":{"rendered":"LA SEMINCI YA NO EST\u00c1 TRISTE"},"content":{"rendered":"<p><IMG class=imgizqda id=img_0 src=\"\/vicentealvarez\/wp-content\/uploads\/sites\/3\"><\/p>\n<p> Publicado en El Norte de Castilla el 5 de julio de 2008<\/p>\n<p> <DIV class=p id=story-texto> <DIV class=p>La Seminci est\u00e1 triste. \u00bfQu\u00e9 tendr\u00e1 la Seminci? Eso mismo nos hemos preguntado \u00faltimamente. Al fin y al cabo, forma parte de nuestra vida, sus labios rojos nos llevan besando demasiados a\u00f1os y hemos crecido al color de sus fotogramas incendiados. Ahora, tras agrias pol\u00e9micas, con el prestigio algo desinflado y con la Seminci casi a la vuelta de la esquina, ha aterrizado Javier Angulo, un tipo con oficio y curr\u00edculum. Tambi\u00e9n con muy poco tiempo para sacar adelante una edici\u00f3n digna e impregnarla de su sello personal. Por eso no esperaba grandes cosas de su primera aparici\u00f3n p\u00fablica, esta misma semana, con el fin de adelantar parte de la programaci\u00f3n de la 53 Seminci. Angulo present\u00f3 el nuevo cartel, prometi\u00f3 \u00abdar espect\u00e1culo y hacer mucho ruido\u00bb, reconoci\u00f3 estar un poco atrasado en la confecci\u00f3n de la Secci\u00f3n Oficial y de Punto de Encuentro, y dej\u00f3 las espadas en el aire en torno a las pel\u00edculas que protagonizar\u00e1n las sesiones inaugural y de clausura. Tan s\u00f3lo coment\u00f3 que la elecci\u00f3n iba a depender en gran medida de que viniesen \u00abcon bicho dentro\u00bb. Algo empieza a cambiar en el discurso estricto y serio de los \u00faltimos tiempos: ya no parece un pecado traer estrellas a promocionar una pel\u00edcula en Valladolid. Ni San Pedro Regalado ni el esp\u00edritu de Lu\u00eds Bu\u00f1uel van a sentirse ultrajados. El rigor cin\u00e9filo no deber\u00eda de darse patadas con el gusto de ver pasear a alguna estrella por nuestra ciudad. Y, por supuesto, se puede compatibilizar el sello distintivo de la Seminci con actividades que otorguen lustre y glamour al Festival. El mismo Javier Angulo ha defendido la idea de rodear de mayor vistosidad al festival y no le hace ascos a tener una potente alfombra roja llena de estrellas siempre que tengan algo que decir y acompa\u00f1en a alguna pel\u00edcula. El nuevo director, la verdad, parece tener las ideas claras. Quiere que nuestro festival no quede reducido a una semana en octubre y desea darle mayor presencia durante todo el a\u00f1o. Quiere, adem\u00e1s, apostar por directores noveles y, por eso, aspira a potenciar la presencia de cortometrajes. Pero, por encima de todo, quiere acabar de una vez \u00abcon el desencuentro entre el festival vallisoletano y el cine espa\u00f1ol\u00bb. Ya somos dos los que pensamos que el cine espa\u00f1ol puede aportar muchas cosas m\u00e1s de las que la gente piensa. Por eso es loable que la Seminci comience a abrirse generosamente a nuestros autores. <\/DIV> <DIV class=p>Todo esto habr\u00e1 que verlo poco a poco. Por de pronto, Angulo nos ha adelantado los ciclos que acompa\u00f1ar\u00e1n nuestro viaje por los sue\u00f1os de todos los octubres. Habr\u00e1 un ciclo dedicado a las nuevas tecnolog\u00edas (este a\u00f1o, la animaci\u00f3n en 3D) y volveremos a ver las pr\u00e1cticas de los alumnos de la Escuela de Cine de Madrid. Tres ciclos, sin embargo, acaparar\u00e1n nuestras miradas. El primero parte de una idea original: la de enfrentar a dos directores aparentemente tan distantes como el sueco Bo Wirderberg y el japon\u00e9s Shohei Imamura. El ciclo llevar\u00e1 el expresivo t\u00edtulo de &#8216;Matar al padre&#8217; y se centrar\u00e1 en la rebeld\u00eda de dos cineastas que supieron rebelarse contra la figura de sus maestros. El segundo de los ciclos rendir\u00e1 homenaje a Gonzalo Su\u00e1rez, rara avis del cine espa\u00f1ol y un tipo interesant\u00edsimo en todas sus facetas. Un escritor que decidi\u00f3 un d\u00eda improvisar en fotogramas. Un director que ha hecho de la literatura el buque insignia de su cine. Sin duda, uno de los personajes fundamentales de nuestra cinematograf\u00eda. Por fin, el tercer y \u00faltimo ciclo es el que, para m\u00ed, constituye la aut\u00e9ntica pepita de oro del Festival. Ya era hora de que alguien se acordase del grand\u00edsimo Marco Ferreri, la ni\u00f1a de mis ojos desde hace tiempo. Al menos desde que, tras finalizar el Curso de Postgrado de Cine, decid\u00ed dedicarle el trabajo final de investigaci\u00f3n. Lo titul\u00e9 &#8216;El juglar del Apocalipsis&#8217; y me hizo conocer a fondo la figura del bonach\u00f3n milan\u00e9s. Podr\u00eda hablar durante mucho tiempo de su cine abstracto, fascinante, l\u00facido, parab\u00f3lico, esperp\u00e9ntico, arriesgado, apocal\u00edptico, provocador y original\u00edsimo. Fue, adem\u00e1s, el descubridor de Rafael Azcona, circunstancia que aprovechar\u00e1 la Seminci para as\u00ed dar tambi\u00e9n un merecido homenaje al mejor guionista espa\u00f1ol de todos los tiempos. La fiesta est\u00e1 asegurada con este matrimonio a la italiana. Paralelamente, la Seminci tiene previsto regalarnos dos actos muy atractivos. Por un lado una exposici\u00f3n titulada &#8216;El perro andaluz cumple 80 a\u00f1os&#8217; centrada en la figura de Bu\u00f1uel y, por otro, la proyecci\u00f3n en el Auditorio Miguel Delibes de la copia definitiva de &#8216;Metr\u00f3polis&#8217;, con la banda sonora original interpretada por la Orquesta Sinf\u00f3nica de Castilla y Le\u00f3n. No me lo puedo creer, una edici\u00f3n centrada en algunas de mis mayores pasiones cin\u00e9filas: Ferreri, Azcona, Bu\u00f1uel, Gonzalo Su\u00e1rez, Metr\u00f3polis. Ya s\u00f3lo falta que Javier Angulo me traiga a Sophie Marceau. Desde luego, da gusto hablar s\u00f3lo de cine. A ver si, por fin, nos olvidamos de externalizaciones, presiones pol\u00edticas, protagonismos del Patronato y dem\u00e1s gaitas. Que dejen trabajar a este hombre. Yo voy a lanzarme a la piscina y apostar por la nueva era Angulo. A m\u00ed me ha convencido. Desde luego, la elecci\u00f3n de los ciclos me parece tan acertada y atractiva que yo ya estoy deseando sumergirme en la 53 edici\u00f3n. Hasta ese momento, y hasta que sepamos los t\u00edtulos de la Secci\u00f3n Oficial, &#8216;chapeau&#8217; a sus primeras decisiones. As\u00ed que voy a ser optimista. De hecho, tengo la sospecha de que la Seminci ya no est\u00e1 triste.<\/DIV><\/DIV><\/p>\n","protected":false},"excerpt":{"rendered":"<p>Publicado en El Norte de Castilla el 5 de julio de 2008 La Seminci est\u00e1 triste. \u00bfQu\u00e9 tendr\u00e1 la Seminci? Eso mismo nos hemos preguntado \u00faltimamente. Al fin y al cabo, forma parte de nuestra vida, sus labios rojos nos llevan besando demasiados a\u00f1os y hemos crecido al color de sus fotogramas incendiados. Ahora, tras [&hellip;]<\/p>\n","protected":false},"author":4,"featured_media":0,"comment_status":"open","ping_status":"closed","sticky":false,"template":"","format":"standard","meta":[],"categories":[7],"tags":[121],"_links":{"self":[{"href":"https:\/\/blogs.elnortedecastilla.es\/vicentealvarez\/wp-json\/wp\/v2\/posts\/392"}],"collection":[{"href":"https:\/\/blogs.elnortedecastilla.es\/vicentealvarez\/wp-json\/wp\/v2\/posts"}],"about":[{"href":"https:\/\/blogs.elnortedecastilla.es\/vicentealvarez\/wp-json\/wp\/v2\/types\/post"}],"author":[{"embeddable":true,"href":"https:\/\/blogs.elnortedecastilla.es\/vicentealvarez\/wp-json\/wp\/v2\/users\/4"}],"replies":[{"embeddable":true,"href":"https:\/\/blogs.elnortedecastilla.es\/vicentealvarez\/wp-json\/wp\/v2\/comments?post=392"}],"version-history":[{"count":0,"href":"https:\/\/blogs.elnortedecastilla.es\/vicentealvarez\/wp-json\/wp\/v2\/posts\/392\/revisions"}],"wp:attachment":[{"href":"https:\/\/blogs.elnortedecastilla.es\/vicentealvarez\/wp-json\/wp\/v2\/media?parent=392"}],"wp:term":[{"taxonomy":"category","embeddable":true,"href":"https:\/\/blogs.elnortedecastilla.es\/vicentealvarez\/wp-json\/wp\/v2\/categories?post=392"},{"taxonomy":"post_tag","embeddable":true,"href":"https:\/\/blogs.elnortedecastilla.es\/vicentealvarez\/wp-json\/wp\/v2\/tags?post=392"}],"curies":[{"name":"wp","href":"https:\/\/api.w.org\/{rel}","templated":true}]}}