{"id":397,"date":"2008-07-15T09:57:21","date_gmt":"2008-07-15T09:57:21","guid":{"rendered":"http:\/\/blogs.elnortedecastilla.es\/vicentealvarez\/?p=397"},"modified":"2008-07-15T09:57:21","modified_gmt":"2008-07-15T09:57:21","slug":"ascensor-el-cadalso","status":"publish","type":"post","link":"https:\/\/blogs.elnortedecastilla.es\/vicentealvarez\/2008\/07\/15\/ascensor-el-cadalso\/","title":{"rendered":"ASCENSOR PARA EL CADALSO"},"content":{"rendered":"<p><FONT face=\"Times New Roman\" size=3><EM><FONT face=\"Times New Roman\" size=3><EM><FONT face=\"Times New Roman\" size=3><EM> <P class=MsoNormal style=\"MARGIN: 0cm 0cm 0pt\"><FONT face=\"Times New Roman\" size=3>&#8211; Te he perdido en esta noche. Hab\u00eda que dejarte tranquilo. No abrazarte. No acariciar tu rostro. Si no has matado a Simon, tanto peor. Si has tenido miedo, tanto mejor. Pero tienes que volver. Es preciso que est\u00e9s vivo. A mi lado. Es preciso.<\/FONT><\/p>\n<p> <P class=MsoNormal style=\"MARGIN: 0cm 0cm 0pt\"><FONT face=\"Times New Roman\" size=3>&#8211; Seremos m\u00e1s fuertes que ellos: moriremos juntos. La m\u00fasica seguir\u00e1 y nosotros estaremos muertos.<\/FONT><\/p>\n<p> <P class=MsoNormal style=\"MARGIN: 0cm 0cm 0pt\"><FONT face=\"Times New Roman\" size=3>&#8211; Una noche entera buscando a Julien como una loca. Sin saber nada, sin encontrar nada.<\/FONT><\/p>\n<p> <P class=MsoNormal style=\"MARGIN: 0cm 0cm 0pt\"><FONT face=\"Times New Roman\" size=3>\u00bfEstoy hermosa o estoy loca?<\/FONT><\/p>\n<p> <P class=MsoNormal style=\"MARGIN: 0cm 0cm 0pt\"><FONT face=\"Times New Roman\" size=3>&#8211; Nunca hay que dejarse robar fotograf\u00edas.<\/FONT><\/p>\n<p> <P class=MsoNormal style=\"MARGIN: 0cm 0cm 0pt\"><FONT face=\"Times New Roman\" size=3>&#8211; Me despertar\u00e9. Sola. Diez a\u00f1os. Veinte a\u00f1os. Sin indulgencia. Yo no era indulgente. Pero s\u00e9 que, a pesar de todo, te amaba. No pensaba m\u00e1s que en ti. Ahora s\u00f3lo quiero ser vieja. Por fin estaremos juntos. Juntos en alguna parte. <\/FONT><\/p>\n<p> <P class=MsoNormal style=\"MARGIN: 0cm 0cm 0pt\"><\/EM><\/FONT><\/EM><\/FONT><br \/>\n<IMG class=imgcen id=img_1 src=\"\/vicentealvarez\/wp-content\/uploads\/sites\/3\"><\/EM><\/FONT>  <P class=MsoNormal style=\"MARGIN: 0cm 0cm 0pt\"><FONT face=\"Times New Roman\" size=3><EM><FONT face=\"Times New Roman\" size=3>Debut esplendoroso de Louis Malle con 25 a\u00f1os en una pel\u00edcula de iniciaci\u00f3n por antonomasia. \u201cAscensor para el cadalso\u201d supone el estreno de la nouvelle vague, el comienzo de una estrella como Jeanne Moreau, el embri\u00f3n del cine negro franc\u00e9s con toque existencialista y el debut de Miles Davis en el mundo del cine. La pel\u00edcula lo tiene todo: un amor imposible, unos amantes de contrabando, un plan perfecto para asesinar al marido de ella y un protagonismo fatal del azar, del destino, de la casualidad. El amante atrapado en el ascensor, <SPAN style=\"mso-spacerun: yes\"><\/SPAN>Jeanne Moreau atrapada en un Par\u00eds lluvioso en blanco y negro y la ciudad de la luz atrapada en la trompeta de Miles mientras dibuja de fatalidad y tinieblas sus calles. Nunca la leyenda de un film se ha construido tanto alrededor de su banda sonora. Pocas im\u00e1genes tan impactantes, en fin, en toda la historia del cine, como las de una hermos\u00edsima Jeanne Moreau vagando por los Campos Eliseos con la \u00fanica compa\u00f1\u00eda de la trompeta de Miles Davis y pensando que ha sido traicionada. Pel\u00edcula (y m\u00fasica) ideal para estos d\u00edas en los que mi amigo Ariel Conceiro y yo estamos inmersos en la Semana Negra. De hecho, nos llevamos a Miles con nosotros<\/FONT><\/EM>.<\/FONT><\/p>\n<p> <P class=MsoNormal style=\"MARGIN: 0cm 0cm 0pt\"><\/p>\n","protected":false},"excerpt":{"rendered":"<p>&#8211; Te he perdido en esta noche. Hab\u00eda que dejarte tranquilo. No abrazarte. No acariciar tu rostro. Si no has matado a Simon, tanto peor. Si has tenido miedo, tanto mejor. Pero tienes que volver. Es preciso que est\u00e9s vivo. A mi lado. Es preciso. &#8211; Seremos m\u00e1s fuertes que ellos: moriremos juntos. La m\u00fasica [&hellip;]<\/p>\n","protected":false},"author":4,"featured_media":0,"comment_status":"open","ping_status":"closed","sticky":false,"template":"","format":"standard","meta":[],"categories":[2],"tags":[],"_links":{"self":[{"href":"https:\/\/blogs.elnortedecastilla.es\/vicentealvarez\/wp-json\/wp\/v2\/posts\/397"}],"collection":[{"href":"https:\/\/blogs.elnortedecastilla.es\/vicentealvarez\/wp-json\/wp\/v2\/posts"}],"about":[{"href":"https:\/\/blogs.elnortedecastilla.es\/vicentealvarez\/wp-json\/wp\/v2\/types\/post"}],"author":[{"embeddable":true,"href":"https:\/\/blogs.elnortedecastilla.es\/vicentealvarez\/wp-json\/wp\/v2\/users\/4"}],"replies":[{"embeddable":true,"href":"https:\/\/blogs.elnortedecastilla.es\/vicentealvarez\/wp-json\/wp\/v2\/comments?post=397"}],"version-history":[{"count":0,"href":"https:\/\/blogs.elnortedecastilla.es\/vicentealvarez\/wp-json\/wp\/v2\/posts\/397\/revisions"}],"wp:attachment":[{"href":"https:\/\/blogs.elnortedecastilla.es\/vicentealvarez\/wp-json\/wp\/v2\/media?parent=397"}],"wp:term":[{"taxonomy":"category","embeddable":true,"href":"https:\/\/blogs.elnortedecastilla.es\/vicentealvarez\/wp-json\/wp\/v2\/categories?post=397"},{"taxonomy":"post_tag","embeddable":true,"href":"https:\/\/blogs.elnortedecastilla.es\/vicentealvarez\/wp-json\/wp\/v2\/tags?post=397"}],"curies":[{"name":"wp","href":"https:\/\/api.w.org\/{rel}","templated":true}]}}