{"id":40,"date":"2007-01-11T15:47:00","date_gmt":"2007-01-11T15:47:00","guid":{"rendered":"http:\/\/blogs.elnortedecastilla.es\/vicentealvarez\/?p=40"},"modified":"2007-01-11T15:47:00","modified_gmt":"2007-01-11T15:47:00","slug":"que-treinta-anos-son-nada","status":"publish","type":"post","link":"https:\/\/blogs.elnortedecastilla.es\/vicentealvarez\/2007\/01\/11\/que-treinta-anos-son-nada\/","title":{"rendered":"QUE TREINTA A\u00d1OS NO SON NADA"},"content":{"rendered":"<p><IMG src=\"\/vicentealvarez\/files\/mini-1977.jpg\" width=\"400\" height=\"146\" class=\"imgcen\" \/><em>Publicado en El Norte de Castilla el 11 de enero de 2007<\/em><br \/>\nTVE nos ha bombardeado, durante el pasado a\u00f1o, con im\u00e1genes de todo tipo para conmemorar su 50 aniversario, im\u00e1genes que ya forman parte de nuestra memoria colectiva, im\u00e1genes golosas de los documentalistas de la televisi\u00f3n p\u00fablica, gente con un arma poderos\u00edsima entre sus manos y, realmente, muy desaprovechada. Ahora, en el 2007, los servicios informativos se han sacado de la manga una serie de especiales que pretenden rememorar algunos de los momentos m\u00e1s importantes de nuestra historia reciente. Han empezado por echar la vista treinta a\u00f1os atr\u00e1s y recordarnos el convulso mes de enero de 1977. Las im\u00e1genes que surgen parecen provenir de un oscuro y lejano lugar de las cavernas, con gente que vest\u00eda como los de &#8216;Cu\u00e9ntame&#8217;, con bigotitos trasnochados atufando el aire y con demasiadas personas levant\u00e1ndose cara al sol cada ma\u00f1ana. La muerte del dictador que estaba todav\u00eda muy reciente, vaya. Hab\u00edan secuestrado a Oriol de Urquijo, Presidente del Consejo de Estado y, poco despu\u00e9s, al general Villaescusa, Presidente del Consejo Superior de Justicia Militar. El 23 de enero mor\u00eda de un disparo en la cabeza el estudiante Arturo Ruiz en una manifestaci\u00f3n; al d\u00eda siguiente se produc\u00eda la Matanza de Atocha en la que un comando ultraderechista mataba a cinco abogados de un despacho laboralista; y un d\u00eda despu\u00e9s una chica mor\u00eda en otra manifestaci\u00f3n. Espa\u00f1a est\u00e1 en llamas y las im\u00e1genes del documental ponen los pelos de punta. Botes de humo, cargas policiales y los grises montando el caballo de Guernica. Un nost\u00e1lgico de los fusilamientos saca una pistola en mitad de una manifestaci\u00f3n y comienza a disparar. Los hermanos del estudiante asesinado que claman justicia treinta a\u00f1os despu\u00e9s (con el asesino en la calle, sin haber pagado jam\u00e1s por su crimen) y un Rodolfo Mart\u00edn Villa, ministro de la Gobernaci\u00f3n entonces, que rememora acojonado aquellos d\u00edas. Son treinta a\u00f1os pero parecen mil y, en realidad, fueron ayer. Al menos eso parece cuando sale a la palestra el peligroso &#8216;historiador&#8217; P\u00edo Moa, con un letrero debajo que le identifica como antiguo militante del GRAPO. Ya saben, el tipo que sostiene que el PSOE propugn\u00f3 e inici\u00f3 la Guerra Civil (que dicha guerra empez\u00f3, en realidad, en 1934), el que defiende a capa y espada que Franco y sus secuaces vinieron a salvarnos de las hordas marxistas, el tipo que jalea y adora la derechona m\u00e1s rancia de este pa\u00eds, el que vende m\u00e1s libros que P\u00e9rez Reverte, el que considera a los homosexuales personas taradas que no admiten su defecto, el que estuvo enrolado en un grupo terrorista de la extrema izquierda, el nuevo San Pablo reci\u00e9n ca\u00eddo del caballo. Bueno, ya sabemos que en su viaje hacia la luz le acompa\u00f1\u00f3 el ayatollah de las ondas&#8230;. C\u00f3mo mosquean estos bandazos ideol\u00f3gicos. Suena todo raro, muy raro. Es como si el ejemplar ciudadano democr\u00e1tico S\u00e1enz de Ynestrillas ingresase de repente en Batasuna y fuese besando la ikurri\u00f1a por las &#8216;herriko&#8217; tabernas. Por cierto, acabo de leer que ETA reivindica el atentado de Barajas. Aun as\u00ed, tras asesinar a dos personas, tiene la desfachatez de decir que mantiene el alto el fuego. Lo dicho, estos tipos son unos tarados. Y todos dan mucho miedo. Va a ser verdad, en fin, que los extremos se tocan.<\/p>\n","protected":false},"excerpt":{"rendered":"<p>Publicado en El Norte de Castilla el 11 de enero de 2007 TVE nos ha bombardeado, durante el pasado a\u00f1o, con im\u00e1genes de todo tipo para conmemorar su 50 aniversario, im\u00e1genes que ya forman parte de nuestra memoria colectiva, im\u00e1genes golosas de los documentalistas de la televisi\u00f3n p\u00fablica, gente con un arma poderos\u00edsima entre sus [&hellip;]<\/p>\n","protected":false},"author":4,"featured_media":0,"comment_status":"open","ping_status":"closed","sticky":false,"template":"","format":"standard","meta":[],"categories":[7],"tags":[],"_links":{"self":[{"href":"https:\/\/blogs.elnortedecastilla.es\/vicentealvarez\/wp-json\/wp\/v2\/posts\/40"}],"collection":[{"href":"https:\/\/blogs.elnortedecastilla.es\/vicentealvarez\/wp-json\/wp\/v2\/posts"}],"about":[{"href":"https:\/\/blogs.elnortedecastilla.es\/vicentealvarez\/wp-json\/wp\/v2\/types\/post"}],"author":[{"embeddable":true,"href":"https:\/\/blogs.elnortedecastilla.es\/vicentealvarez\/wp-json\/wp\/v2\/users\/4"}],"replies":[{"embeddable":true,"href":"https:\/\/blogs.elnortedecastilla.es\/vicentealvarez\/wp-json\/wp\/v2\/comments?post=40"}],"version-history":[{"count":0,"href":"https:\/\/blogs.elnortedecastilla.es\/vicentealvarez\/wp-json\/wp\/v2\/posts\/40\/revisions"}],"wp:attachment":[{"href":"https:\/\/blogs.elnortedecastilla.es\/vicentealvarez\/wp-json\/wp\/v2\/media?parent=40"}],"wp:term":[{"taxonomy":"category","embeddable":true,"href":"https:\/\/blogs.elnortedecastilla.es\/vicentealvarez\/wp-json\/wp\/v2\/categories?post=40"},{"taxonomy":"post_tag","embeddable":true,"href":"https:\/\/blogs.elnortedecastilla.es\/vicentealvarez\/wp-json\/wp\/v2\/tags?post=40"}],"curies":[{"name":"wp","href":"https:\/\/api.w.org\/{rel}","templated":true}]}}