{"id":4017,"date":"2025-01-18T12:05:00","date_gmt":"2025-01-18T11:05:00","guid":{"rendered":"https:\/\/blogs.elnortedecastilla.es\/vicentealvarez\/?p=4017"},"modified":"2025-01-18T12:05:00","modified_gmt":"2025-01-18T11:05:00","slug":"vamos-a-contar-mentiras","status":"publish","type":"post","link":"https:\/\/blogs.elnortedecastilla.es\/vicentealvarez\/2025\/01\/18\/vamos-a-contar-mentiras\/","title":{"rendered":"VAMOS A CONTAR MENTIRAS"},"content":{"rendered":"<p><a href=\"https:\/\/static-blogs.elnortedecastilla.es\/wp-content\/uploads\/sites\/3\/2025\/01\/vamos-a-contar-mentiras.jpg\"><img loading=\"lazy\" class=\"alignleft size-medium wp-image-4019\" src=\"https:\/\/static-blogs.elnortedecastilla.es\/wp-content\/uploads\/sites\/3\/2025\/01\/vamos-a-contar-mentiras-300x264.jpg\" alt=\"\" width=\"300\" height=\"264\" srcset=\"https:\/\/static-blogs.elnortedecastilla.es\/wp-content\/uploads\/sites\/3\/2025\/01\/vamos-a-contar-mentiras-300x264.jpg 300w, https:\/\/static-blogs.elnortedecastilla.es\/wp-content\/uploads\/sites\/3\/2025\/01\/vamos-a-contar-mentiras.jpg 638w\" sizes=\"(max-width: 300px) 100vw, 300px\" \/><\/a>Publicado en El Norte de Castilla el 18 de enero de 2025<\/p>\n<p><span style=\"color: #800080;\">Vamos a contar mentiras, tralar\u00e1. Por lo que se ve, el nuevo orden mundial se vestir\u00e1 con los ropajes de los bulos o no se vestir\u00e1. Goebbels al poder, o sea. Dec\u00eda el ministro de Propaganda del Tercer Reich que una mentira mil veces repetida se transforma en verdad y ese parece ser el paradigma de la posverdad que han hecho suyo los nuevos amos del planeta. La \u00faltima coz la ha dado Zuckerberg al anunciar el cierre de su programa de verificaci\u00f3n de hechos en Estados Unidos. Renuncia a controlar las noticias falsas y se sube al carro ganador de los grandes embusteros del planeta. El gur\u00fa de Meta, la empresa matriz de Facebook, Instagram y WhatsApp, ha perdido el culo para alinearse con Trump y Elon Musk. Es decir que, con los cambios que va a aplicar Meta en sus redes, cualquiera podr\u00e1 decir y, convertir en viral, salvajadas como que los migrantes se comen nuestros perros, o imitar los eructos de Elon Musk acusando, por ejemplo, al Primer Ministro del Reino Unido de ser c\u00f3mplice de violaciones de menores a cambio de votos. Todo vale. Libertad para mentir, difamar y manipular. Barra libre en las redes a la mentira y al bulo. Es el signo de los nuevos tiempos. La mentira no te va a pasar factura. \u00a1Todo lo contrario! Durante su mandato presidencial Donald Trump solt\u00f3 25.000 mentiras. Lo hizo en todas las materias en las que se pronunci\u00f3. Lo hizo hasta el final, hablando de fraude en las elecciones que perdi\u00f3. Todo ello le ha servido para volver a la presidencia. Parece evidente que a estos hiper mega millonarios (\u00a1billonarios del mundo, un\u00edos!) s\u00f3lo les importan sus negocios y, con el poder que tienen, gobernar el mundo como si fuese una empresa. Como si fuese, en realidad, su empresa.\u00a0 Y si para conseguir lo que quieren tienen que abrir sus puertas a la ultraderecha mundial lo van a hacer. Al fin y al cabo, son de los suyos. Sin ir m\u00e1s lejos, Elon Musk ha afirmado recientemente que la formaci\u00f3n de extrema derecha AfD es la \u00fanica capaz de \u201csalvar a Alemania\u201d. Las trompetas apocal\u00edpticas del neofeudalismo digital ya resuenan por todos los lados. La libertad de los plut\u00f3cratas de aplastar al m\u00e1s d\u00e9bil, el viejo salvajismo de la ley del m\u00e1s fuerte, las redes sociales convertidas en armas de destrucci\u00f3n masiva de la verdad y la formaci\u00f3n cr\u00edtica, estercoleros digitales usados como canales de propaganda y desinformaci\u00f3n, todo eso en una \u00e9poca en la que la difusi\u00f3n de bulos influye cada vez m\u00e1s en la opini\u00f3n p\u00fablica y en los procesos democr\u00e1ticos. Bueno, al final eso es lo que buscan. Que la verdad y la mentira valgan lo mismo. Embrutecer a las masas. Imponer la polarizaci\u00f3n. Entre la IA, que se confunde con lo que es real, y el imperio de las fake-news que se nos viene encima nos va a quedar un mundo muy bonito. Por cierto, minutos despu\u00e9s del anuncio de Zuckerberg, Trump afirm\u00f3 no descartar el uso de la fuerza para controlar el Canal de Panam\u00e1, prometi\u00f3 cambiar el nombre de Golfo de M\u00e9xico por Golfo de Am\u00e9rica y habl\u00f3 de sus intenciones de anexar Canad\u00e1 y Groenlandia por \u201cseguridad nacional\u201d. Algo que sonaba a lo mismo que dec\u00eda Hitler cuando hablaba del espacio vital de Alemania y tuvo la criminal ocurrencia de invadir Polonia. Y ya sabemos lo que pas\u00f3 luego. En Dinamarca le han contestado al supremacista de pelo naranja como se merece, manifestando que ellos tambi\u00e9n est\u00e1n interesados en adquirir el territorio de los Estados Unidos y as\u00ed dotar a los americanos de educaci\u00f3n y salud gratuita entre otras muchas cosas, algo con lo que lograr\u00edan hacer grande al pa\u00eds otra vez. Y han a\u00f1adido, echando mano de la iron\u00eda, que con la educaci\u00f3n que tienen en la actualidad es muy probable que los estadounidenses ni siquiera sepan d\u00f3nde se ubican Groenlandia y Dinamarca. En fin, el lunes toma posesi\u00f3n de su cargo el delincuente arrogante y trolero. Veremos si sigue con las bravuconadas. Que va a seguir contando mentiras todo el mundo lo sabe.<\/span><\/p>\n","protected":false},"excerpt":{"rendered":"<p>Publicado en El Norte de Castilla el 18 de enero de 2025 Vamos a contar mentiras, tralar\u00e1. Por lo que se ve, el nuevo orden mundial se vestir\u00e1 con los ropajes de los bulos o no se vestir\u00e1. Goebbels al poder, o sea. Dec\u00eda el ministro de Propaganda del Tercer Reich que una mentira mil [&hellip;]<\/p>\n","protected":false},"author":4,"featured_media":0,"comment_status":"open","ping_status":"open","sticky":false,"template":"","format":"standard","meta":[],"categories":[7,1],"tags":[],"_links":{"self":[{"href":"https:\/\/blogs.elnortedecastilla.es\/vicentealvarez\/wp-json\/wp\/v2\/posts\/4017"}],"collection":[{"href":"https:\/\/blogs.elnortedecastilla.es\/vicentealvarez\/wp-json\/wp\/v2\/posts"}],"about":[{"href":"https:\/\/blogs.elnortedecastilla.es\/vicentealvarez\/wp-json\/wp\/v2\/types\/post"}],"author":[{"embeddable":true,"href":"https:\/\/blogs.elnortedecastilla.es\/vicentealvarez\/wp-json\/wp\/v2\/users\/4"}],"replies":[{"embeddable":true,"href":"https:\/\/blogs.elnortedecastilla.es\/vicentealvarez\/wp-json\/wp\/v2\/comments?post=4017"}],"version-history":[{"count":2,"href":"https:\/\/blogs.elnortedecastilla.es\/vicentealvarez\/wp-json\/wp\/v2\/posts\/4017\/revisions"}],"predecessor-version":[{"id":4020,"href":"https:\/\/blogs.elnortedecastilla.es\/vicentealvarez\/wp-json\/wp\/v2\/posts\/4017\/revisions\/4020"}],"wp:attachment":[{"href":"https:\/\/blogs.elnortedecastilla.es\/vicentealvarez\/wp-json\/wp\/v2\/media?parent=4017"}],"wp:term":[{"taxonomy":"category","embeddable":true,"href":"https:\/\/blogs.elnortedecastilla.es\/vicentealvarez\/wp-json\/wp\/v2\/categories?post=4017"},{"taxonomy":"post_tag","embeddable":true,"href":"https:\/\/blogs.elnortedecastilla.es\/vicentealvarez\/wp-json\/wp\/v2\/tags?post=4017"}],"curies":[{"name":"wp","href":"https:\/\/api.w.org\/{rel}","templated":true}]}}