{"id":4037,"date":"2025-03-04T14:01:32","date_gmt":"2025-03-04T13:01:32","guid":{"rendered":"https:\/\/blogs.elnortedecastilla.es\/vicentealvarez\/?p=4037"},"modified":"2025-03-04T14:01:32","modified_gmt":"2025-03-04T13:01:32","slug":"veinte-mil-leguas-de-viaje-submarino","status":"publish","type":"post","link":"https:\/\/blogs.elnortedecastilla.es\/vicentealvarez\/2025\/03\/04\/veinte-mil-leguas-de-viaje-submarino\/","title":{"rendered":"VEINTE MIL LEGUAS DE VIAJE SUBMARINO"},"content":{"rendered":"<p><a href=\"https:\/\/static-blogs.elnortedecastilla.es\/wp-content\/uploads\/sites\/3\/2025\/03\/Veinte.jpg\"><img loading=\"lazy\" class=\"alignleft size-medium wp-image-4038\" src=\"https:\/\/static-blogs.elnortedecastilla.es\/wp-content\/uploads\/sites\/3\/2025\/03\/Veinte-205x300.jpg\" alt=\"\" width=\"205\" height=\"300\" srcset=\"https:\/\/static-blogs.elnortedecastilla.es\/wp-content\/uploads\/sites\/3\/2025\/03\/Veinte-205x300.jpg 205w, https:\/\/static-blogs.elnortedecastilla.es\/wp-content\/uploads\/sites\/3\/2025\/03\/Veinte.jpg 310w\" sizes=\"(max-width: 205px) 100vw, 205px\" \/><\/a>Un monstruo marino pone en jaque a la civilizaci\u00f3n y una expedici\u00f3n se organiza para capturarlo.<\/p>\n<p>A bordo de la fragata Abraham Lincoln viajan el c\u00e9lebre profesor Pierre Aronnax, su ayudante Conseil y el arponero canadiense Ned Land.<\/p>\n<p>El monstruo marino acaba siendo el Nautilus, un incre\u00edble submarino a las \u00f3rdenes del capit\u00e1n Nemo.<\/p>\n<p>Comienza la aventura.<\/p>\n<p>Emoci\u00f3n, conocimiento, suspense, personajes inolvidables, lances inesperados\u2026<\/p>\n<p>Un viaje inolvidable por las profundidades de los oc\u00e9anos y un despliegue de imaginaci\u00f3n fascinante.<\/p>\n<p>El reto de lo inexplorado, la fascinaci\u00f3n del mar y de todo lo que esconde.<\/p>\n<p>Escenas realmente memorables plagadas de acci\u00f3n y peligros: la lucha contra los calamares gigantes, las extraordinarias visitas a lugares m\u00e1gicos como la Atl\u00e1ntida y los bosques submarinos, la lucha contra los buques enemigos\u2026<\/p>\n<p>Tambi\u00e9n la historia de una venganza protagonizada por el capit\u00e1n Nemo, un sabio atormentado y desenga\u00f1ado de la raza humana, un libertario individualista, un juez implacable y uno de los grandes paradigmas de la novela de aventuras.<\/p>\n<p>Por cierto, al final el Nautilus parece ser arrastrado por el gigantesco torbellino del Maelstrom, el ombligo del oc\u00e9ano\u2026<\/p>\n<p>PD. Hay que reconocer que la novela de Julio Verne llega a ser abrumadora con largu\u00edsimas descripciones, enumeraciones de peces, clasificaciones biol\u00f3gicas y descripciones exhaustivas. Los que todav\u00eda insisten con aquello de que Verne es un simpl\u00f3n autor de novelas juveniles nunca debieron de embarcarse en este viaje con el capit\u00e1n Nemo.<\/p>\n","protected":false},"excerpt":{"rendered":"<p>Un monstruo marino pone en jaque a la civilizaci\u00f3n y una expedici\u00f3n se organiza para capturarlo. A bordo de la fragata Abraham Lincoln viajan el c\u00e9lebre profesor Pierre Aronnax, su ayudante Conseil y el arponero canadiense Ned Land. El monstruo marino acaba siendo el Nautilus, un incre\u00edble submarino a las \u00f3rdenes del capit\u00e1n Nemo. Comienza [&hellip;]<\/p>\n","protected":false},"author":4,"featured_media":0,"comment_status":"open","ping_status":"open","sticky":false,"template":"","format":"standard","meta":[],"categories":[11],"tags":[89],"_links":{"self":[{"href":"https:\/\/blogs.elnortedecastilla.es\/vicentealvarez\/wp-json\/wp\/v2\/posts\/4037"}],"collection":[{"href":"https:\/\/blogs.elnortedecastilla.es\/vicentealvarez\/wp-json\/wp\/v2\/posts"}],"about":[{"href":"https:\/\/blogs.elnortedecastilla.es\/vicentealvarez\/wp-json\/wp\/v2\/types\/post"}],"author":[{"embeddable":true,"href":"https:\/\/blogs.elnortedecastilla.es\/vicentealvarez\/wp-json\/wp\/v2\/users\/4"}],"replies":[{"embeddable":true,"href":"https:\/\/blogs.elnortedecastilla.es\/vicentealvarez\/wp-json\/wp\/v2\/comments?post=4037"}],"version-history":[{"count":1,"href":"https:\/\/blogs.elnortedecastilla.es\/vicentealvarez\/wp-json\/wp\/v2\/posts\/4037\/revisions"}],"predecessor-version":[{"id":4039,"href":"https:\/\/blogs.elnortedecastilla.es\/vicentealvarez\/wp-json\/wp\/v2\/posts\/4037\/revisions\/4039"}],"wp:attachment":[{"href":"https:\/\/blogs.elnortedecastilla.es\/vicentealvarez\/wp-json\/wp\/v2\/media?parent=4037"}],"wp:term":[{"taxonomy":"category","embeddable":true,"href":"https:\/\/blogs.elnortedecastilla.es\/vicentealvarez\/wp-json\/wp\/v2\/categories?post=4037"},{"taxonomy":"post_tag","embeddable":true,"href":"https:\/\/blogs.elnortedecastilla.es\/vicentealvarez\/wp-json\/wp\/v2\/tags?post=4037"}],"curies":[{"name":"wp","href":"https:\/\/api.w.org\/{rel}","templated":true}]}}