{"id":4052,"date":"2025-03-26T13:09:20","date_gmt":"2025-03-26T12:09:20","guid":{"rendered":"https:\/\/blogs.elnortedecastilla.es\/vicentealvarez\/?p=4052"},"modified":"2025-03-26T13:09:20","modified_gmt":"2025-03-26T12:09:20","slug":"el-manuscrito-del-doctor-wittembach","status":"publish","type":"post","link":"https:\/\/blogs.elnortedecastilla.es\/vicentealvarez\/2025\/03\/26\/el-manuscrito-del-doctor-wittembach\/","title":{"rendered":"EL MANUSCRITO DEL DOCTOR WITTEMBACH"},"content":{"rendered":"<p><a href=\"https:\/\/static-blogs.elnortedecastilla.es\/wp-content\/uploads\/sites\/3\/2025\/03\/portada.jpg\"><img loading=\"lazy\" class=\"alignleft size-medium wp-image-4053\" src=\"https:\/\/static-blogs.elnortedecastilla.es\/wp-content\/uploads\/sites\/3\/2025\/03\/portada-198x300.jpg\" alt=\"\" width=\"198\" height=\"300\" srcset=\"https:\/\/static-blogs.elnortedecastilla.es\/wp-content\/uploads\/sites\/3\/2025\/03\/portada-198x300.jpg 198w, https:\/\/static-blogs.elnortedecastilla.es\/wp-content\/uploads\/sites\/3\/2025\/03\/portada.jpg 250w\" sizes=\"(max-width: 198px) 100vw, 198px\" \/><\/a>Con esta <em>nouvelle<\/em> fant\u00e1stica de Prosper M\u00e9rim\u00e9e inaugura Alberto L\u00f3pez Aroca la colecci\u00f3n Lente de Diamante.<\/p>\n<p>El profesor Wittembach, un estudioso de las lenguas eslavas, emprende un viaje por tierras de leyenda para traducir unos evangelios del Yimud que se encuentran en la biblioteca de Michel Sz\u00e9mioth un enigm\u00e1tico conde lituano que quien se sospecha que es mitad humano mitad oso, ya que naci\u00f3 despu\u00e9s de que su madre fuera mutilada y tal vez violada por un oso.<\/p>\n<p>El tema m\u00e1s extravagante y atroz posible frente al asombro cient\u00edfico de un sabio profesor de lenguas muertas.<\/p>\n<p>Un lugar extra\u00f1o, un castillo misterioso y doncellas tan blancas que al beber vino se ve el l\u00edquido bajar por el cuello.<\/p>\n<p>La realidad envuelta en una nebulosa insondable. El halo de nebulosa que rodean los hechos, no es simple misterio, es una realidad distinta. \u00bfD\u00f3nde est\u00e1 el l\u00edmite que separa la cordura y la locura?<\/p>\n<p>Lo sobrenatural frente a lo racional (la naturaleza salvaje primordial frente a la civilizaci\u00f3n culta).<\/p>\n<p>El mito de la bella y la bestia a la inversa. Metamorfosis, vampirismo, hombre-oso, ficci\u00f3n paganista, terror g\u00f3tico, romanticismo noir\u2026<\/p>\n<p>Le\u00edda como \u201cLokis\u201d hace un mont\u00f3n de a\u00f1os, esta revisitaci\u00f3n ha resultado fant\u00e1stica.<\/p>\n<p>Como muy bien dice Alberto L\u00f3pez Aroca, \u201cpara leer despacio y saborear\u201d.<\/p>\n","protected":false},"excerpt":{"rendered":"<p>Con esta nouvelle fant\u00e1stica de Prosper M\u00e9rim\u00e9e inaugura Alberto L\u00f3pez Aroca la colecci\u00f3n Lente de Diamante. El profesor Wittembach, un estudioso de las lenguas eslavas, emprende un viaje por tierras de leyenda para traducir unos evangelios del Yimud que se encuentran en la biblioteca de Michel Sz\u00e9mioth un enigm\u00e1tico conde lituano que quien se sospecha [&hellip;]<\/p>\n","protected":false},"author":4,"featured_media":0,"comment_status":"open","ping_status":"open","sticky":false,"template":"","format":"standard","meta":[],"categories":[11],"tags":[],"_links":{"self":[{"href":"https:\/\/blogs.elnortedecastilla.es\/vicentealvarez\/wp-json\/wp\/v2\/posts\/4052"}],"collection":[{"href":"https:\/\/blogs.elnortedecastilla.es\/vicentealvarez\/wp-json\/wp\/v2\/posts"}],"about":[{"href":"https:\/\/blogs.elnortedecastilla.es\/vicentealvarez\/wp-json\/wp\/v2\/types\/post"}],"author":[{"embeddable":true,"href":"https:\/\/blogs.elnortedecastilla.es\/vicentealvarez\/wp-json\/wp\/v2\/users\/4"}],"replies":[{"embeddable":true,"href":"https:\/\/blogs.elnortedecastilla.es\/vicentealvarez\/wp-json\/wp\/v2\/comments?post=4052"}],"version-history":[{"count":1,"href":"https:\/\/blogs.elnortedecastilla.es\/vicentealvarez\/wp-json\/wp\/v2\/posts\/4052\/revisions"}],"predecessor-version":[{"id":4054,"href":"https:\/\/blogs.elnortedecastilla.es\/vicentealvarez\/wp-json\/wp\/v2\/posts\/4052\/revisions\/4054"}],"wp:attachment":[{"href":"https:\/\/blogs.elnortedecastilla.es\/vicentealvarez\/wp-json\/wp\/v2\/media?parent=4052"}],"wp:term":[{"taxonomy":"category","embeddable":true,"href":"https:\/\/blogs.elnortedecastilla.es\/vicentealvarez\/wp-json\/wp\/v2\/categories?post=4052"},{"taxonomy":"post_tag","embeddable":true,"href":"https:\/\/blogs.elnortedecastilla.es\/vicentealvarez\/wp-json\/wp\/v2\/tags?post=4052"}],"curies":[{"name":"wp","href":"https:\/\/api.w.org\/{rel}","templated":true}]}}