{"id":409,"date":"2008-08-04T11:16:38","date_gmt":"2008-08-04T11:16:38","guid":{"rendered":"http:\/\/blogs.elnortedecastilla.es\/vicentealvarez\/?p=409"},"modified":"2008-08-04T11:16:38","modified_gmt":"2008-08-04T11:16:38","slug":"hijos-un-dios-menor","status":"publish","type":"post","link":"https:\/\/blogs.elnortedecastilla.es\/vicentealvarez\/2008\/08\/04\/hijos-un-dios-menor\/","title":{"rendered":"HIJOS DE UN DIOS MENOR"},"content":{"rendered":"<p><IMG class=imgizqda id=img_0 src=\"\/vicentealvarez\/wp-content\/uploads\/sites\/3\"><\/p>\n<p>Publicado en El Norte de Castilla el 4 de agosto de 2008<\/p>\n<p> <DIV class=p id=story-texto> <DIV class=p>Los que me conocen saben que profeso la religi\u00f3n del Galibier. Por ello mis fotos de este julio son inolvidables. Sastre atacando en Alpe d&#8217;Huez. Freire con el verde en Par\u00eds. Pereiro en el suelo tras una ca\u00edda terror\u00edfica. Valverde volando en Plumelec. Voight, Cancellara y Schumacher dando lecciones de ciclismo. Cavendish, Andy Schleck, Kreuziger y K\u00f6hl llamando a las puertas del futuro. Y, sobre todo, Sastre con el \u00edndice hacia el cielo dedicando la victoria a su cu\u00f1ado, el llorado Chaba Jim\u00e9nez. <\/DIV> <DIV class=p>Pocos saben que Carlos Sastre tiene una pe\u00f1a con 500 socios en Aalter, B\u00e9lgica. Que poco antes de comenzar el Tour hizo entrega de un cheque de cinco mil euros para los ni\u00f1os enfermos de c\u00e1ncer. Que colabora con varias asociaciones para ayudar a ni\u00f1os con s\u00edndrome de Down o para introducir el ciclismo en \u00e1reas pobres de Sud\u00e1frica. Que es parte activa de la Fundaci\u00f3n V\u00edctor Sastre, empe\u00f1ada en que los chicos de El Barraco hagan deporte y se alejen del monstruo de la droga. Que lo primero que ha hecho tras finalizar el Tour ha sido visitar el hospital de Aalter. Todo esto no vende. <\/DIV> <DIV class=p>Sastre siempre ha sido un tipo callado, sencillo y trabajador. Con la cabeza muy bien amueblada. Lo justo como para soltar perlas inolvidables. \u00abLa derrota de Chaba fue querer ganar esta carrera; ahora podr\u00e1 sentirse feliz porque la hemos ganado entre los dos\u00bb. \u00abPrefiero el respeto de la gente a una victoria\u00bb. La primera declaraci\u00f3n es emotiva. La segunda no es balad\u00ed. Y no lo es porque hay cosas que no cambian. Otras fotos del reci\u00e9n terminado Tour provocan n\u00e1useas. Ricc\u00f3 rodeado de polic\u00edas como si fuese Bin Laden. Los miserables de siempre insinuando que la retirada de Cavendish se deb\u00eda a cuestiones oscuras. El padre de los Schleck obligado a bajarse de su coche a punta de pistola. La portada de cierto peri\u00f3dico con una jeringuilla pinchando una rueda que en vez de soltar aire suelta sangre, cuestion\u00e1ndose, de paso, si el ciclismo es una farsa. Periodistas que s\u00f3lo se acercan al olor del triunfo (como los pol\u00edticos), pero que sue\u00f1an con el esc\u00e1ndalo porque vende m\u00e1s. Incluso en el \u00e9xtasis de la victoria, decenas de articulistas se han arrimado al ciclismo para mostrar sus reticencias, sus dudas, para recordar la necesidad de un ciclismo limpio. <\/DIV> <DIV class=p>Ning\u00fan comentario as\u00ed escuch\u00e9 cuando ganaron la Eurocopa los chicos del f\u00fatbol. \u00bfEs menos limpia la NBA donde no se pasa ning\u00fan control y todo est\u00e1 permitido? La falta de respeto sigue siendo obscena. Y hay que decirlo ahora. Es lo que ha hecho Sastre. Los ciclistas se juegan la vida durante todo el a\u00f1o, con entrenamientos dur\u00edsimos, bajo condiciones muchas veces infernales. Incluso en sus vacaciones tienen que soportar que un m\u00e9dico aparezca y les haga un control de hematocrito. Estoy harto de escuchar siempre la misma cantinela de gente que no tiene ni idea. Por eso, me despido con una cita del gran Javier Ares, uno de los pocos periodistas que saben de ciclismo: \u00abSe duda de ellos con el mismo cinismo con el que se pretende salvar a los dem\u00e1s. Como si no fueran todos hijos del mismo dios menor que tan abandonados les tiene. No defiendo a los ciclistas porque les considere inocentes, sino porque me resultan admirables. As\u00ed de sencillo\u00bb.<\/DIV><\/DIV><!-- fin-art--><\/p>\n","protected":false},"excerpt":{"rendered":"<p>Publicado en El Norte de Castilla el 4 de agosto de 2008 Los que me conocen saben que profeso la religi\u00f3n del Galibier. Por ello mis fotos de este julio son inolvidables. Sastre atacando en Alpe d&#8217;Huez. Freire con el verde en Par\u00eds. Pereiro en el suelo tras una ca\u00edda terror\u00edfica. Valverde volando en Plumelec. [&hellip;]<\/p>\n","protected":false},"author":4,"featured_media":0,"comment_status":"open","ping_status":"closed","sticky":false,"template":"","format":"standard","meta":[],"categories":[7],"tags":[],"_links":{"self":[{"href":"https:\/\/blogs.elnortedecastilla.es\/vicentealvarez\/wp-json\/wp\/v2\/posts\/409"}],"collection":[{"href":"https:\/\/blogs.elnortedecastilla.es\/vicentealvarez\/wp-json\/wp\/v2\/posts"}],"about":[{"href":"https:\/\/blogs.elnortedecastilla.es\/vicentealvarez\/wp-json\/wp\/v2\/types\/post"}],"author":[{"embeddable":true,"href":"https:\/\/blogs.elnortedecastilla.es\/vicentealvarez\/wp-json\/wp\/v2\/users\/4"}],"replies":[{"embeddable":true,"href":"https:\/\/blogs.elnortedecastilla.es\/vicentealvarez\/wp-json\/wp\/v2\/comments?post=409"}],"version-history":[{"count":0,"href":"https:\/\/blogs.elnortedecastilla.es\/vicentealvarez\/wp-json\/wp\/v2\/posts\/409\/revisions"}],"wp:attachment":[{"href":"https:\/\/blogs.elnortedecastilla.es\/vicentealvarez\/wp-json\/wp\/v2\/media?parent=409"}],"wp:term":[{"taxonomy":"category","embeddable":true,"href":"https:\/\/blogs.elnortedecastilla.es\/vicentealvarez\/wp-json\/wp\/v2\/categories?post=409"},{"taxonomy":"post_tag","embeddable":true,"href":"https:\/\/blogs.elnortedecastilla.es\/vicentealvarez\/wp-json\/wp\/v2\/tags?post=409"}],"curies":[{"name":"wp","href":"https:\/\/api.w.org\/{rel}","templated":true}]}}