{"id":41,"date":"2007-01-12T16:51:00","date_gmt":"2007-01-12T16:51:00","guid":{"rendered":"http:\/\/blogs.elnortedecastilla.es\/vicentealvarez\/?p=41"},"modified":"2007-01-12T16:51:00","modified_gmt":"2007-01-12T16:51:00","slug":"las-dedicatorias-y-minerialismo","status":"publish","type":"post","link":"https:\/\/blogs.elnortedecastilla.es\/vicentealvarez\/2007\/01\/12\/las-dedicatorias-y-minerialismo\/","title":{"rendered":"LAS DEDICATORIAS Y EL &#8220;MINERIALISMO&#8221;"},"content":{"rendered":"<p>El mundo de las dedicatorias es terror\u00edfico. Muchos escritores podr\u00edan contar mil y una an\u00e9cdotas. Yo tambi\u00e9n tengo las m\u00edas y alg\u00fan d\u00eda tendr\u00e9 que comentar algo. Sin embargo, es mucho m\u00e1s jugoso hablar de verdaderos profesionales de esto de la dedicatoria, de los que firman libros como cosacos, de los que se rompen la mu\u00f1eca de tanto echar firmas, de los protagonistas de colas largu\u00edsimas (y no estoy hablando de Nacho Vidal). Lo cierto es que todos los que se acercan a un escritor para que les firme un libro desean una dedicatoria especial. Algo muy dif\u00edcil de conseguir. Por cuesti\u00f3n de originalidad, de tiempo e, incluso, de pereza. En cierta ocasi\u00f3n, una lectora (llam\u00e9mosla Mari Puri) se acerc\u00f3 a Fernando D\u00edaz-Plaja y le dijo: \u201cA m\u00ed, p\u00f3ngame algo distinto\u201d. D\u00edaz-Plaja le puso: \u201cA Mari Puri, algo distinto\u201d. A veces, en cambio, de lo jocoso se puede pasar a algo m\u00e1s serio. Incluso a la c\u00e1rcel. Fernando Arrabal acab\u00f3 en prisi\u00f3n por culpa de una dedicatoria. All\u00e1 por mediados de los a\u00f1os 60, un chico le pidi\u00f3 que le firmase un libro con una dedicatoria representativa del movimiento \u201cp\u00e1nico\u201d que \u00e9l lideraba. Ni corto ni perezoso, Arrabal escribi\u00f3: \u201cMe cago en Dios, en la Patria y en todo lo dem\u00e1s\u201d. Al parecer el chico era hijo de un militar de tron\u00edo y, a los pocos d\u00edas, el escritor fue detenido y trasladado a la c\u00e1rcel de Carabanchel (donde estuvo un mes, antes de ser liberado gracias a una campa\u00f1a internacional en su favor). Bueno, hay que reconocer que Fernando Arrabal es muy peculiar, que siempre ha sido un crack, vaya.<br \/>\n<object width=\"425\" height=\"350\"><param name=\"movie\" value=\"http:\/\/www.youtube.com\/v\/ihHCGOeKl-0\"><\/param><param name=\"wmode\" value=\"transparent\"><\/param><embed src=\"\/\/www.youtube.com\/v\/ihHCGOeKl-0\" type=\"application\/x-shockwave-flash\" wmode=\"transparent\" width=\"425\" height=\"350\"><\/embed><\/object><\/p>\n","protected":false},"excerpt":{"rendered":"<p>El mundo de las dedicatorias es terror\u00edfico. Muchos escritores podr\u00edan contar mil y una an\u00e9cdotas. Yo tambi\u00e9n tengo las m\u00edas y alg\u00fan d\u00eda tendr\u00e9 que comentar algo. Sin embargo, es mucho m\u00e1s jugoso hablar de verdaderos profesionales de esto de la dedicatoria, de los que firman libros como cosacos, de los que se rompen la [&hellip;]<\/p>\n","protected":false},"author":4,"featured_media":0,"comment_status":"open","ping_status":"closed","sticky":false,"template":"","format":"standard","meta":[],"categories":[18],"tags":[],"_links":{"self":[{"href":"https:\/\/blogs.elnortedecastilla.es\/vicentealvarez\/wp-json\/wp\/v2\/posts\/41"}],"collection":[{"href":"https:\/\/blogs.elnortedecastilla.es\/vicentealvarez\/wp-json\/wp\/v2\/posts"}],"about":[{"href":"https:\/\/blogs.elnortedecastilla.es\/vicentealvarez\/wp-json\/wp\/v2\/types\/post"}],"author":[{"embeddable":true,"href":"https:\/\/blogs.elnortedecastilla.es\/vicentealvarez\/wp-json\/wp\/v2\/users\/4"}],"replies":[{"embeddable":true,"href":"https:\/\/blogs.elnortedecastilla.es\/vicentealvarez\/wp-json\/wp\/v2\/comments?post=41"}],"version-history":[{"count":0,"href":"https:\/\/blogs.elnortedecastilla.es\/vicentealvarez\/wp-json\/wp\/v2\/posts\/41\/revisions"}],"wp:attachment":[{"href":"https:\/\/blogs.elnortedecastilla.es\/vicentealvarez\/wp-json\/wp\/v2\/media?parent=41"}],"wp:term":[{"taxonomy":"category","embeddable":true,"href":"https:\/\/blogs.elnortedecastilla.es\/vicentealvarez\/wp-json\/wp\/v2\/categories?post=41"},{"taxonomy":"post_tag","embeddable":true,"href":"https:\/\/blogs.elnortedecastilla.es\/vicentealvarez\/wp-json\/wp\/v2\/tags?post=41"}],"curies":[{"name":"wp","href":"https:\/\/api.w.org\/{rel}","templated":true}]}}