{"id":422,"date":"2008-09-08T13:59:37","date_gmt":"2008-09-08T13:59:37","guid":{"rendered":"http:\/\/blogs.elnortedecastilla.es\/vicentealvarez\/?p=422"},"modified":"2008-09-08T13:59:37","modified_gmt":"2008-09-08T13:59:37","slug":"cuarenta-anos-son-nada","status":"publish","type":"post","link":"https:\/\/blogs.elnortedecastilla.es\/vicentealvarez\/2008\/09\/08\/cuarenta-anos-son-nada\/","title":{"rendered":"CUARENTA A\u00d1OS NO SON NADA"},"content":{"rendered":"<p><P class=MsoNormal style=\"MARGIN: 0cm 0cm 0pt\"><SPAN style=\"FONT-SIZE: 11pt; FONT-FAMILY: Arial\">Es la s\u00e9ptima vez que veo en directo a Jethro Tull. Actuaron ayer, en Salamanca, en el incomparable marco de la Plaza Mayor. Concierto gratuito en las fiestas charras (abriendo, de paso, la 11\u00aa edici\u00f3n del festival Etnohelm\u00e1ntica) que congreg\u00f3 a miles de personas entregadas de manera entusiasta al segundo grupo de rock m\u00e1s antiguo en activo tras los Rolling Stones. En Valladolid, mientras tanto, nos encontraremos en la Plaza Mayor con Shaila D\u00farcal, Dover, Juan Luis Guerra, Hombres G., Tequila, los chicos de Operaci\u00f3n Triunfo, Bustamante y El Consorcio, al comp\u00e1s del chacach\u00e1, del chacach\u00e1 del tren.<?xml:namespace prefix = o ns = \"urn:schemas-microsoft-com:office:office\" \/><o:p><\/o:p><\/SPAN><\/p>\n<p> <P class=MsoNormal style=\"MARGIN: 0cm 0cm 0pt\"><SPAN style=\"FONT-SIZE: 11pt; FONT-FAMILY: Arial\">Sin comentarios.<o:p><\/o:p><\/SPAN><\/p>\n<p><IMG class=imgcen id=img_1 src=\"\/vicentealvarez\/wp-content\/uploads\/sites\/3\"><\/p>\n<p> <P class=MsoNormal style=\"MARGIN: 0cm 0cm 0pt\"><SPAN style=\"FONT-SIZE: 11pt; FONT-FAMILY: Arial\">El viejo Aqualung ha vuelto por sus fueros. Inolvidable actuaci\u00f3n, muy por encima de las dos \u00faltimas que hab\u00eda tenido ocasi\u00f3n de ver. Recuperando viejas canciones que no tocaban desde hac\u00eda mucho tiempo (como \u201cSong for Jeffrey\u201d, \u201cDharma for one\u201d o la exquisita \u201cNursie\u201d) y desterrando de su reportorio las bazofias de Mozart y America, Ian Anderson cort\u00f3 las dos orejas y el rabo, como en sus mejores tardes, otorgando al gran Martin \u201cLancelot\u201d Barre varios momentos protagonistas. Un Jethro Tull rockero y guitarrero, con un Ian Anderson a la cabeza, enrollado, viejo y traidor, demasiado viejo para el rock\u2019n\u2019roll y demasiado joven para morir, tal y como dec\u00eda una de sus m\u00edticas canciones que ayer record\u00f3 en Salamanca.<o:p><\/o:p><\/SPAN><\/p>\n<p> <P class=MsoNormal style=\"MARGIN: 0cm 0cm 0pt\"><SPAN style=\"FONT-SIZE: 11pt; FONT-FAMILY: Arial\">\u00a1Qu\u00e9 gozada recuperar al viejo Aqualung! Ian Anderson, clavando su flauta travesera en la luna salmantina, volvi\u00f3 a emocionarnos y a componer cantos de sirena bajo el mismo balc\u00f3n. Como el mercenario del Dux. Al fin y al cabo, cuarenta a\u00f1os no son nada.<o:p><\/o:p><\/SPAN><\/p>\n<p> <P class=MsoNormal style=\"MARGIN: 0cm 0cm 0pt\"><SPAN lang=EN-GB style=\"FONT-SIZE: 11pt; FONT-FAMILY: Arial; mso-ansi-language: EN-GB\">So you ride yourselves over the fields and<o:p><\/o:p><\/SPAN><\/p>\n<p> <P class=MsoNormal style=\"MARGIN: 0cm 0cm 0pt\"><SPAN lang=EN-GB style=\"FONT-SIZE: 11pt; FONT-FAMILY: Arial; mso-ansi-language: EN-GB\">you make all your animal deals and<o:p><\/o:p><\/SPAN><\/p>\n<p> <P class=MsoNormal style=\"MARGIN: 0cm 0cm 0pt\"><SPAN lang=EN-GB style=\"FONT-SIZE: 11pt; FONT-FAMILY: Arial; mso-ansi-language: EN-GB\">your wise men don\u2019t know how it feels<o:p><\/o:p><\/SPAN><\/p>\n<p> <P class=MsoNormal style=\"MARGIN: 0cm 0cm 0pt\"><SPAN lang=EN-GB style=\"FONT-SIZE: 11pt; FONT-FAMILY: Arial; mso-ansi-language: EN-GB\">to be THICK AS A BRICK.<o:p><\/o:p><\/SPAN><\/p>\n<p><IMG class=imgcen id=img_0 src=\"\/vicentealvarez\/wp-content\/uploads\/sites\/3\"><\/p>\n","protected":false},"excerpt":{"rendered":"<p>Es la s\u00e9ptima vez que veo en directo a Jethro Tull. Actuaron ayer, en Salamanca, en el incomparable marco de la Plaza Mayor. Concierto gratuito en las fiestas charras (abriendo, de paso, la 11\u00aa edici\u00f3n del festival Etnohelm\u00e1ntica) que congreg\u00f3 a miles de personas entregadas de manera entusiasta al segundo grupo de rock m\u00e1s antiguo [&hellip;]<\/p>\n","protected":false},"author":4,"featured_media":0,"comment_status":"open","ping_status":"closed","sticky":false,"template":"","format":"standard","meta":[],"categories":[3],"tags":[85],"_links":{"self":[{"href":"https:\/\/blogs.elnortedecastilla.es\/vicentealvarez\/wp-json\/wp\/v2\/posts\/422"}],"collection":[{"href":"https:\/\/blogs.elnortedecastilla.es\/vicentealvarez\/wp-json\/wp\/v2\/posts"}],"about":[{"href":"https:\/\/blogs.elnortedecastilla.es\/vicentealvarez\/wp-json\/wp\/v2\/types\/post"}],"author":[{"embeddable":true,"href":"https:\/\/blogs.elnortedecastilla.es\/vicentealvarez\/wp-json\/wp\/v2\/users\/4"}],"replies":[{"embeddable":true,"href":"https:\/\/blogs.elnortedecastilla.es\/vicentealvarez\/wp-json\/wp\/v2\/comments?post=422"}],"version-history":[{"count":0,"href":"https:\/\/blogs.elnortedecastilla.es\/vicentealvarez\/wp-json\/wp\/v2\/posts\/422\/revisions"}],"wp:attachment":[{"href":"https:\/\/blogs.elnortedecastilla.es\/vicentealvarez\/wp-json\/wp\/v2\/media?parent=422"}],"wp:term":[{"taxonomy":"category","embeddable":true,"href":"https:\/\/blogs.elnortedecastilla.es\/vicentealvarez\/wp-json\/wp\/v2\/categories?post=422"},{"taxonomy":"post_tag","embeddable":true,"href":"https:\/\/blogs.elnortedecastilla.es\/vicentealvarez\/wp-json\/wp\/v2\/tags?post=422"}],"curies":[{"name":"wp","href":"https:\/\/api.w.org\/{rel}","templated":true}]}}