{"id":4229,"date":"2026-01-23T12:13:32","date_gmt":"2026-01-23T11:13:32","guid":{"rendered":"https:\/\/blogs.elnortedecastilla.es\/vicentealvarez\/?p=4229"},"modified":"2026-01-23T12:13:52","modified_gmt":"2026-01-23T11:13:52","slug":"la-lente-de-diamante","status":"publish","type":"post","link":"https:\/\/blogs.elnortedecastilla.es\/vicentealvarez\/2026\/01\/23\/la-lente-de-diamante\/","title":{"rendered":"LA LENTE DE DIAMANTE"},"content":{"rendered":"<p><a href=\"https:\/\/static-blogs.elnortedecastilla.es\/wp-content\/uploads\/sites\/3\/2026\/01\/portada.jpg\"><img loading=\"lazy\" class=\"alignleft wp-image-4230\" src=\"https:\/\/static-blogs.elnortedecastilla.es\/wp-content\/uploads\/sites\/3\/2026\/01\/portada-199x300.jpg\" alt=\"\" width=\"215\" height=\"324\" srcset=\"https:\/\/static-blogs.elnortedecastilla.es\/wp-content\/uploads\/sites\/3\/2026\/01\/portada-199x300.jpg 199w, https:\/\/static-blogs.elnortedecastilla.es\/wp-content\/uploads\/sites\/3\/2026\/01\/portada.jpg 609w\" sizes=\"(max-width: 215px) 100vw, 215px\" \/><\/a>La nueva joya de la colecci\u00f3n Lente de diamante es precisamente la nouvelle (o cuento largo) del mismo t\u00edtulo de Fitz-James O\u2019Brien, el conocido como el Poe c\u00e9ltico.<br \/>\n\u201cLa lente de diamante\u201d relata la historia de un cient\u00edfico obsesionado con las investigaciones microsc\u00f3picas quien, tras una muy peculiar sesi\u00f3n de espiritismo, se hace con un diamante que le permite perfeccionar el microscopio en el que estaba trabajando. Una vez que ha logrado construir la lente m\u00e1s potente de todas descubre un mundo extraordinariamente complejo y hermoso en una gota de agua. Un mundo microsc\u00f3pico de un extra\u00f1o lirismo, un reino completamente nuevo, un mundo incre\u00edblemente diminuto. En sus estudios de este universo infinitesimal, poblado de maravillas, el cient\u00edfico se obsesiona con una bella, diminuta, y misteriosa mujer\u2026<br \/>\nRelato de ciencia ficci\u00f3n especulativo, escalofriante y lleno de suspense que incorpora la moda victoriana por las sesiones espiritistas y el tema del cient\u00edfico loco buscador de conocimiento destructivo y prohibido.<br \/>\nHistoria poderosamente oscura y perturbadora a pesar de su brevedad.<br \/>\nFantas\u00eda cient\u00edfica sobre el ignoto mundo microsc\u00f3pico y los seres que podr\u00edan habitarlo.<br \/>\nCuento de hadas que por momentos se acerca a ucron\u00eda inquietante.<br \/>\nRelato escrito con un lenguaje casi po\u00e9tico que navega entre lo g\u00f3tico y lo cient\u00edfico, y lo hace de forma admirable.<br \/>\nDejemos, para terminar, nada m\u00e1s y nada menos que a Lovecraft hablando de Fitz-James O\u2019Brien quien \u201ccre\u00f3 el inimitable Diamond Lens, en el que un joven estudioso del microscopio se enamora de una joven perteneciente a un mundo infinitesimal que descubre en una gota de agua. La muerte prematura de O\u2019Brien nos ha privado de relatos magistrales en torno a lo extra\u00f1o y lo terror\u00edfico\u201d.<\/p>\n","protected":false},"excerpt":{"rendered":"<p>La nueva joya de la colecci\u00f3n Lente de diamante es precisamente la nouvelle (o cuento largo) del mismo t\u00edtulo de Fitz-James O\u2019Brien, el conocido como el Poe c\u00e9ltico. \u201cLa lente de diamante\u201d relata la historia de un cient\u00edfico obsesionado con las investigaciones microsc\u00f3picas quien, tras una muy peculiar sesi\u00f3n de espiritismo, se hace con un [&hellip;]<\/p>\n","protected":false},"author":4,"featured_media":0,"comment_status":"open","ping_status":"open","sticky":false,"template":"","format":"standard","meta":[],"categories":[11],"tags":[],"_links":{"self":[{"href":"https:\/\/blogs.elnortedecastilla.es\/vicentealvarez\/wp-json\/wp\/v2\/posts\/4229"}],"collection":[{"href":"https:\/\/blogs.elnortedecastilla.es\/vicentealvarez\/wp-json\/wp\/v2\/posts"}],"about":[{"href":"https:\/\/blogs.elnortedecastilla.es\/vicentealvarez\/wp-json\/wp\/v2\/types\/post"}],"author":[{"embeddable":true,"href":"https:\/\/blogs.elnortedecastilla.es\/vicentealvarez\/wp-json\/wp\/v2\/users\/4"}],"replies":[{"embeddable":true,"href":"https:\/\/blogs.elnortedecastilla.es\/vicentealvarez\/wp-json\/wp\/v2\/comments?post=4229"}],"version-history":[{"count":2,"href":"https:\/\/blogs.elnortedecastilla.es\/vicentealvarez\/wp-json\/wp\/v2\/posts\/4229\/revisions"}],"predecessor-version":[{"id":4232,"href":"https:\/\/blogs.elnortedecastilla.es\/vicentealvarez\/wp-json\/wp\/v2\/posts\/4229\/revisions\/4232"}],"wp:attachment":[{"href":"https:\/\/blogs.elnortedecastilla.es\/vicentealvarez\/wp-json\/wp\/v2\/media?parent=4229"}],"wp:term":[{"taxonomy":"category","embeddable":true,"href":"https:\/\/blogs.elnortedecastilla.es\/vicentealvarez\/wp-json\/wp\/v2\/categories?post=4229"},{"taxonomy":"post_tag","embeddable":true,"href":"https:\/\/blogs.elnortedecastilla.es\/vicentealvarez\/wp-json\/wp\/v2\/tags?post=4229"}],"curies":[{"name":"wp","href":"https:\/\/api.w.org\/{rel}","templated":true}]}}