{"id":425,"date":"2008-09-16T18:17:22","date_gmt":"2008-09-16T18:17:22","guid":{"rendered":"http:\/\/blogs.elnortedecastilla.es\/vicentealvarez\/?p=425"},"modified":"2008-09-16T18:17:22","modified_gmt":"2008-09-16T18:17:22","slug":"hay-agua-el-infierno","status":"publish","type":"post","link":"https:\/\/blogs.elnortedecastilla.es\/vicentealvarez\/2008\/09\/16\/hay-agua-el-infierno\/","title":{"rendered":"\u00bfHAY AGUA EN EL INFIERNO?"},"content":{"rendered":"<p><SPAN style=\"FONT-SIZE: 11pt; FONT-FAMILY: Arial\"><?xml:namespace prefix = o ns = \"urn:schemas-microsoft-com:office:office\" \/><o:p>  <P class=MsoNormal style=\"MARGIN: 0cm 0cm 0pt\"><SPAN style=\"FONT-SIZE: 10pt; FONT-FAMILY: Arial\">&#8211; Supongo que hay un plan para todos nosotros. He tenido que morir dos veces para darme cuenta de ello.<br \/>\n<SPAN style=\"COLOR: black; mso-bidi-font-style: italic\">&#8211; El cielo y el infierno est\u00e1n aqu\u00ed, detr\u00e1s de cada pared, de cada ventana. Es un mundo tras el mundo, y nosotros estamos en medio.<\/SPAN><\/SPAN><\/p>\n<p> <P class=MsoNormal style=\"MARGIN: 0cm 0cm 0pt\"><SPAN style=\"FONT-SIZE: 10pt; FONT-FAMILY: Arial\"><SPAN style=\"COLOR: black; mso-bidi-font-style: italic\"><\/SPAN><\/SPAN><SPAN style=\"FONT-SIZE: 10pt; FONT-FAMILY: Arial\">&#8211; A eso se le llama dolor. Acost\u00fambrate<o:p><\/o:p><\/SPAN><\/p>\n<p> <P class=MsoNormal style=\"MARGIN: 0cm 0cm 0pt\"><SPAN style=\"FONT-SIZE: 10pt; COLOR: black; FONT-FAMILY: Arial; mso-bidi-font-style: italic\">&#8211; Tanto los esbirros del demonio como los de naturaleza angelical viven entre nosotros. Llaman a eso el equilibrio, en cambio yo lo llamo hipocres\u00eda eterna<\/SPAN><SPAN style=\"FONT-SIZE: 10pt; FONT-FAMILY: Arial\"><o:p><\/o:p><\/SPAN><\/p>\n<p> <P class=MsoNormal style=\"MARGIN: 0cm 0cm 0pt\"><SPAN style=\"FONT-SIZE: 10pt; FONT-FAMILY: Arial\">&#8211; Estuve muerto dos minutos. Cruc\u00e9 el umbral. El tiempo se detiene. Dos minutos en el infierno es toda una vida.<o:p><\/o:p><\/SPAN><\/p>\n<p> <P class=MsoNormal style=\"MARGIN: 0cm 0cm 0pt\"><SPAN style=\"FONT-SIZE: 10pt; FONT-FAMILY: Arial\">\u2014Yo no creo en el diablo. \u2014Pues deber\u00eda, porque \u00e9l cree en usted.<o:p><\/o:p><\/SPAN><\/p>\n<p> <P class=MsoNormal style=\"MARGIN: 0cm 0cm 0pt\"><\/o:p><\/SPAN><br \/>\n<IMG class=imgcen id=img_1 src=\"\/vicentealvarez\/wp-content\/uploads\/sites\/3\">  <P class=MsoNormal style=\"MARGIN: 0cm 0cm 0pt\"><SPAN style=\"FONT-SIZE: 10pt; COLOR: black; FONT-FAMILY: Arial; mso-bidi-font-style: italic\">Alguien que se est\u00e1 muriendo, que lleva en su maldici\u00f3n todo un ardiente parque tem\u00e1tico para nosotros, que busca la redenci\u00f3n exorcizando demonios. Uno de esos tipos que no regalan flores, que fuman treinta cigarrillos al d\u00eda, que se r\u00eden de Dios y de Sat\u00e1n. Un detective irreverente e investigador de lo oculto que se sienta en una silla de Sing-Sing y visita el infierno como quien va al Carrefour. Alguien que piensa que Dios toma decisiones implacables porque siempre ha tenido un p\u00e9simo sentido del humor. Es John Constantine, personaje creado por el gran Alan Moore. Un Alan Moore que, poco a poco, se est\u00e1 convirtiendo en uno de mis escritores de cabecera.<o:p><\/o:p><\/SPAN><\/p>\n<p> <P class=MsoNormal style=\"MARGIN: 0cm 0cm 0pt\"><\/p>\n","protected":false},"excerpt":{"rendered":"<p>&#8211; Supongo que hay un plan para todos nosotros. He tenido que morir dos veces para darme cuenta de ello. &#8211; El cielo y el infierno est\u00e1n aqu\u00ed, detr\u00e1s de cada pared, de cada ventana. Es un mundo tras el mundo, y nosotros estamos en medio. &#8211; A eso se le llama dolor. Acost\u00fambrate &#8211; [&hellip;]<\/p>\n","protected":false},"author":4,"featured_media":0,"comment_status":"open","ping_status":"closed","sticky":false,"template":"","format":"standard","meta":[],"categories":[2],"tags":[],"_links":{"self":[{"href":"https:\/\/blogs.elnortedecastilla.es\/vicentealvarez\/wp-json\/wp\/v2\/posts\/425"}],"collection":[{"href":"https:\/\/blogs.elnortedecastilla.es\/vicentealvarez\/wp-json\/wp\/v2\/posts"}],"about":[{"href":"https:\/\/blogs.elnortedecastilla.es\/vicentealvarez\/wp-json\/wp\/v2\/types\/post"}],"author":[{"embeddable":true,"href":"https:\/\/blogs.elnortedecastilla.es\/vicentealvarez\/wp-json\/wp\/v2\/users\/4"}],"replies":[{"embeddable":true,"href":"https:\/\/blogs.elnortedecastilla.es\/vicentealvarez\/wp-json\/wp\/v2\/comments?post=425"}],"version-history":[{"count":0,"href":"https:\/\/blogs.elnortedecastilla.es\/vicentealvarez\/wp-json\/wp\/v2\/posts\/425\/revisions"}],"wp:attachment":[{"href":"https:\/\/blogs.elnortedecastilla.es\/vicentealvarez\/wp-json\/wp\/v2\/media?parent=425"}],"wp:term":[{"taxonomy":"category","embeddable":true,"href":"https:\/\/blogs.elnortedecastilla.es\/vicentealvarez\/wp-json\/wp\/v2\/categories?post=425"},{"taxonomy":"post_tag","embeddable":true,"href":"https:\/\/blogs.elnortedecastilla.es\/vicentealvarez\/wp-json\/wp\/v2\/tags?post=425"}],"curies":[{"name":"wp","href":"https:\/\/api.w.org\/{rel}","templated":true}]}}