{"id":426,"date":"2008-09-18T13:10:08","date_gmt":"2008-09-18T13:10:08","guid":{"rendered":"http:\/\/blogs.elnortedecastilla.es\/vicentealvarez\/?p=426"},"modified":"2008-09-18T13:10:08","modified_gmt":"2008-09-18T13:10:08","slug":"40-abril","status":"publish","type":"post","link":"https:\/\/blogs.elnortedecastilla.es\/vicentealvarez\/2008\/09\/18\/40-abril\/","title":{"rendered":"40 DE ABRIL"},"content":{"rendered":"<p><IMG class=imgizqda id=img_0 src=\"\/vicentealvarez\/wp-content\/uploads\/sites\/3\"><\/p>\n<p> Publicado en El Norte de Castilla el 18 de septiembre de 2008<\/p>\n<p> <DIV class=p>No les ha servido de nada el que est\u00e9n presentando por Espa\u00f1a su primer trabajo completamente in\u00e9dito desde el regreso de Cifu. Ni siquiera que el nuevo disco figure ya entre los m\u00e1s vendidos. A pesar de ser, desde hace veinte a\u00f1os, el buque insignia de esta ciudad, se han quedado fuera del cartel de fiestas. Hay un Le\u00f3n muy cabreado que trabaja de guardaespaldas para el Conde Ans\u00farez, contestan ellos cuando les preguntan por el tema. Han llevado el nombre de Valladolid por todos los sitios. Presumen de ser de Pucela, de que corre el vino por sus venas, de tener playa en el Pisuerga, de abrir la puerta a todo el mundo. Dec\u00edan que eran unos pobres muchachos, unos pringadetes de barrio, unos fracasados. Ahora son la Biblia musical de varias generaciones. Atravesamos con ellos miles de veces el t\u00fanel de las Delicias. Paseamos juntos por la senda del tiempo, haci\u00e9ndonos viejos de repente sintiendo que tal vez nos faltaba el amor. Celtas Cortos forman parte de nuestra memoria y se han convertido, como ellos dicen, en un verdadero pa\u00eds independiente. Acaban de regalarnos &#8217;40 de abril&#8217;, fecha improbable, capic\u00faa y simb\u00f3lica que a todos nos conduce a un pasado, a una carta melanc\u00f3lica que escribimos a un amor perdido. Tambi\u00e9n un videoclip (con el Pasaje Guti\u00e9rrez por medio y un mont\u00f3n de amigos) que pone im\u00e1genes al nuevo himno del grupo, un precioso poema folk-rock hecho con retales de una vida, con los sue\u00f1os rotos de un coraz\u00f3n. Tenemos ca\u00f1onazos de rock celta, ritmos mestizos, medios tiempos mel\u00f3dicos, elegantes temas instrumentales y la eterna comuni\u00f3n de gaitas y flautas, de guitarras coloreadas con violines. Tambi\u00e9n baladas preciosas que permiten confesarnos: \u00abcaminamos los dos por un mar de motivos, es tan bueno el calor que sale de tu ombligo, mi amor, que no hay nada mejor que dormir a tu abrigo\u00bb. Incluso se permiten el lujo de cerrar el disco con una especie de ranchera dedicada a esta tierra de vinos (\u00abuna cosa es el vino y otra cosa es el amor, pero si juntas las dos, nace el amor por el vino\u00bb) cuyos derechos han cedido a la Fundaci\u00f3n Emilio Moro destinada a proporcionar agua potable a zonas necesitadas. Nos regalan alegr\u00eda, fiesta, alboroto y otro perrito piloto: subidones que cierren las heridas y las conviertan en acorde mayor. Siguen echando le\u00f1a a las canciones aunque, en general, las letras combativas se han tomado un peque\u00f1o respiro. Da lo mismo. Gracias a ellos nos hemos aprendido la lecci\u00f3n: una canci\u00f3n tal vez no rompa alambradas ni solucione el problema del hambre pero alimenta muchas veces m\u00e1s que el pan. Han se\u00f1alado a los malos y cobardes que han matado al ni\u00f1o que todos llev\u00e1bamos dentro. Han criticado al pa\u00eds de don bal\u00f3n y a la legi\u00f3n de mudos en la que, a veces, nos convertimos. Nos han hecho odiar a los que hacen turismo invadiendo un pa\u00eds. Han denunciado al dios que maldijo la vida del emigrante, del vagabundo, del sue\u00f1o errante. Pronto supimos que a las bestias les gusta mandar y barajar las cartas pero los Celtas nos convencieron de que \u00absi el mundo est\u00e1 en sus manos que la huida est\u00e9 en las nuestras\u00bb. A pesar del veto institucional, anuncian concierto en la Acera de Recoletos a finales de mes. All\u00ed estaremos todos menos uno que yo me s\u00e9. <\/DIV><\/p>\n","protected":false},"excerpt":{"rendered":"<p>Publicado en El Norte de Castilla el 18 de septiembre de 2008 No les ha servido de nada el que est\u00e9n presentando por Espa\u00f1a su primer trabajo completamente in\u00e9dito desde el regreso de Cifu. Ni siquiera que el nuevo disco figure ya entre los m\u00e1s vendidos. A pesar de ser, desde hace veinte a\u00f1os, el [&hellip;]<\/p>\n","protected":false},"author":4,"featured_media":0,"comment_status":"open","ping_status":"closed","sticky":false,"template":"","format":"standard","meta":[],"categories":[7],"tags":[],"_links":{"self":[{"href":"https:\/\/blogs.elnortedecastilla.es\/vicentealvarez\/wp-json\/wp\/v2\/posts\/426"}],"collection":[{"href":"https:\/\/blogs.elnortedecastilla.es\/vicentealvarez\/wp-json\/wp\/v2\/posts"}],"about":[{"href":"https:\/\/blogs.elnortedecastilla.es\/vicentealvarez\/wp-json\/wp\/v2\/types\/post"}],"author":[{"embeddable":true,"href":"https:\/\/blogs.elnortedecastilla.es\/vicentealvarez\/wp-json\/wp\/v2\/users\/4"}],"replies":[{"embeddable":true,"href":"https:\/\/blogs.elnortedecastilla.es\/vicentealvarez\/wp-json\/wp\/v2\/comments?post=426"}],"version-history":[{"count":0,"href":"https:\/\/blogs.elnortedecastilla.es\/vicentealvarez\/wp-json\/wp\/v2\/posts\/426\/revisions"}],"wp:attachment":[{"href":"https:\/\/blogs.elnortedecastilla.es\/vicentealvarez\/wp-json\/wp\/v2\/media?parent=426"}],"wp:term":[{"taxonomy":"category","embeddable":true,"href":"https:\/\/blogs.elnortedecastilla.es\/vicentealvarez\/wp-json\/wp\/v2\/categories?post=426"},{"taxonomy":"post_tag","embeddable":true,"href":"https:\/\/blogs.elnortedecastilla.es\/vicentealvarez\/wp-json\/wp\/v2\/tags?post=426"}],"curies":[{"name":"wp","href":"https:\/\/api.w.org\/{rel}","templated":true}]}}