{"id":431,"date":"2008-09-30T20:30:29","date_gmt":"2008-09-30T20:30:29","guid":{"rendered":"http:\/\/blogs.elnortedecastilla.es\/vicentealvarez\/?p=431"},"modified":"2008-09-30T20:30:29","modified_gmt":"2008-09-30T20:30:29","slug":"lecciones-filosofia-chris-stevens-13","status":"publish","type":"post","link":"https:\/\/blogs.elnortedecastilla.es\/vicentealvarez\/2008\/09\/30\/lecciones-filosofia-chris-stevens-13\/","title":{"rendered":"LECCIONES DE FILOSOF\u00cdA DE CHRIS STEVENS (13)"},"content":{"rendered":"<p><SPAN style=\"FONT-FAMILY: Arial; mso-bidi-font-size: 11.0pt\"><FONT size=3><?xml:namespace prefix = o ns = \"urn:schemas-microsoft-com:office:office\" \/><o:p> <P class=MsoBodyText style=\"MARGIN: 0cm 0cm 0pt; TEXT-ALIGN: justify\"><SPAN style=\"FONT-SIZE: 10pt; FONT-FAMILY: Arial\">Es inevitable que alguien me llame diciendo: \u00bfChris, qu\u00e9 te parece la luna? Y yo le diga algo amable como: s\u00ed, una noche maravillosa para bailar a la luz de la luna&#8230; o, me pregunto qu\u00e9 har\u00e1n los enamorados esta noche. Pero, en vista de las vueltas que hemos dado en la cama estas \u00faltimas noches por miedo a d\u00f3nde podr\u00edan llevarnos nuestros sue\u00f1os, no estoy dispuesto a fingir que &#8220;El Hombre de la luna&#8221; est\u00e1 vigilando nuestros intereses. De ninguna forma. \u00a1Es demasiado bromista! Hasta que ese grandull\u00f3n haga la maleta y se marche, guardad los utensilios afilados y quedaos cerca de alguien querido, si ten\u00e9is la suerte de tenerlo&#8230; Nos veremos por la ma\u00f1ana amigos. O a la luz de la luna. Lo que ocurra primero.<\/SPAN><\/p>\n<p><\/o:p><\/FONT><\/SPAN><\/p>\n","protected":false},"excerpt":{"rendered":"<p>Es inevitable que alguien me llame diciendo: \u00bfChris, qu\u00e9 te parece la luna? Y yo le diga algo amable como: s\u00ed, una noche maravillosa para bailar a la luz de la luna&#8230; o, me pregunto qu\u00e9 har\u00e1n los enamorados esta noche. Pero, en vista de las vueltas que hemos dado en la cama estas \u00faltimas [&hellip;]<\/p>\n","protected":false},"author":4,"featured_media":0,"comment_status":"open","ping_status":"closed","sticky":false,"template":"","format":"standard","meta":[],"categories":[17],"tags":[],"_links":{"self":[{"href":"https:\/\/blogs.elnortedecastilla.es\/vicentealvarez\/wp-json\/wp\/v2\/posts\/431"}],"collection":[{"href":"https:\/\/blogs.elnortedecastilla.es\/vicentealvarez\/wp-json\/wp\/v2\/posts"}],"about":[{"href":"https:\/\/blogs.elnortedecastilla.es\/vicentealvarez\/wp-json\/wp\/v2\/types\/post"}],"author":[{"embeddable":true,"href":"https:\/\/blogs.elnortedecastilla.es\/vicentealvarez\/wp-json\/wp\/v2\/users\/4"}],"replies":[{"embeddable":true,"href":"https:\/\/blogs.elnortedecastilla.es\/vicentealvarez\/wp-json\/wp\/v2\/comments?post=431"}],"version-history":[{"count":0,"href":"https:\/\/blogs.elnortedecastilla.es\/vicentealvarez\/wp-json\/wp\/v2\/posts\/431\/revisions"}],"wp:attachment":[{"href":"https:\/\/blogs.elnortedecastilla.es\/vicentealvarez\/wp-json\/wp\/v2\/media?parent=431"}],"wp:term":[{"taxonomy":"category","embeddable":true,"href":"https:\/\/blogs.elnortedecastilla.es\/vicentealvarez\/wp-json\/wp\/v2\/categories?post=431"},{"taxonomy":"post_tag","embeddable":true,"href":"https:\/\/blogs.elnortedecastilla.es\/vicentealvarez\/wp-json\/wp\/v2\/tags?post=431"}],"curies":[{"name":"wp","href":"https:\/\/api.w.org\/{rel}","templated":true}]}}