{"id":435,"date":"2008-10-07T18:36:36","date_gmt":"2008-10-07T18:36:36","guid":{"rendered":"http:\/\/blogs.elnortedecastilla.es\/vicentealvarez\/?p=435"},"modified":"2008-10-07T18:36:36","modified_gmt":"2008-10-07T18:36:36","slug":"lecciones-filosofia-chris-stevens-14","status":"publish","type":"post","link":"https:\/\/blogs.elnortedecastilla.es\/vicentealvarez\/2008\/10\/07\/lecciones-filosofia-chris-stevens-14\/","title":{"rendered":"LECCIONES DE FILOSOF\u00cdA DE CHRIS STEVENS (14)"},"content":{"rendered":"<p><P style=\"TEXT-ALIGN: justify\"><SPAN style=\"FONT-SIZE: 10pt; FONT-FAMILY: Arial; mso-bidi-font-family: 'Times New Roman'\">La lluvia suele ponerme melanc\u00f3lico. Es la hora de acurrucarse en un rinc\u00f3n, me relajo y huelo la madera. Y hoy, s\u00f3lo me siento mojado. \u00bfQu\u00e9 tiene el poseer cosas? \u00bfPor qu\u00e9 sentimos la necesidad de poseer lo que amamos? \u00bfPor qu\u00e9 nos volvemos tan bestias cuando lo poseemos? Todos sab\u00e9is qu\u00e9 es: quer\u00e9is algo, lo pose\u00e9is y, al poseerlo, lo perdemos. Y cuando por fin has conquistado a la chica de tus sue\u00f1os, lo primero que haces es tratar de cambiarla: esa forma suya de peinarse, su manera de vestir, c\u00f3mo mastica el chicle&#8230; Y al poco tiempo lo que te gustaba, lo que has cambiado y lo que no te gusta son la misma cosa. Como una acuarela bajo la lluvia. <?xml:namespace prefix = o ns = \"urn:schemas-microsoft-com:office:office\" \/><o:p><\/o:p><\/SPAN><\/p>\n","protected":false},"excerpt":{"rendered":"<p>La lluvia suele ponerme melanc\u00f3lico. Es la hora de acurrucarse en un rinc\u00f3n, me relajo y huelo la madera. Y hoy, s\u00f3lo me siento mojado. \u00bfQu\u00e9 tiene el poseer cosas? \u00bfPor qu\u00e9 sentimos la necesidad de poseer lo que amamos? \u00bfPor qu\u00e9 nos volvemos tan bestias cuando lo poseemos? Todos sab\u00e9is qu\u00e9 es: quer\u00e9is algo, [&hellip;]<\/p>\n","protected":false},"author":4,"featured_media":0,"comment_status":"open","ping_status":"closed","sticky":false,"template":"","format":"standard","meta":[],"categories":[17],"tags":[],"_links":{"self":[{"href":"https:\/\/blogs.elnortedecastilla.es\/vicentealvarez\/wp-json\/wp\/v2\/posts\/435"}],"collection":[{"href":"https:\/\/blogs.elnortedecastilla.es\/vicentealvarez\/wp-json\/wp\/v2\/posts"}],"about":[{"href":"https:\/\/blogs.elnortedecastilla.es\/vicentealvarez\/wp-json\/wp\/v2\/types\/post"}],"author":[{"embeddable":true,"href":"https:\/\/blogs.elnortedecastilla.es\/vicentealvarez\/wp-json\/wp\/v2\/users\/4"}],"replies":[{"embeddable":true,"href":"https:\/\/blogs.elnortedecastilla.es\/vicentealvarez\/wp-json\/wp\/v2\/comments?post=435"}],"version-history":[{"count":0,"href":"https:\/\/blogs.elnortedecastilla.es\/vicentealvarez\/wp-json\/wp\/v2\/posts\/435\/revisions"}],"wp:attachment":[{"href":"https:\/\/blogs.elnortedecastilla.es\/vicentealvarez\/wp-json\/wp\/v2\/media?parent=435"}],"wp:term":[{"taxonomy":"category","embeddable":true,"href":"https:\/\/blogs.elnortedecastilla.es\/vicentealvarez\/wp-json\/wp\/v2\/categories?post=435"},{"taxonomy":"post_tag","embeddable":true,"href":"https:\/\/blogs.elnortedecastilla.es\/vicentealvarez\/wp-json\/wp\/v2\/tags?post=435"}],"curies":[{"name":"wp","href":"https:\/\/api.w.org\/{rel}","templated":true}]}}