{"id":436,"date":"2008-10-08T12:38:50","date_gmt":"2008-10-08T12:38:50","guid":{"rendered":"http:\/\/blogs.elnortedecastilla.es\/vicentealvarez\/?p=436"},"modified":"2008-10-08T12:38:50","modified_gmt":"2008-10-08T12:38:50","slug":"camara-accion","status":"publish","type":"post","link":"https:\/\/blogs.elnortedecastilla.es\/vicentealvarez\/2008\/10\/08\/camara-accion\/","title":{"rendered":"C\u00c1MARA, ACCI\u00d3N"},"content":{"rendered":"<p><IMG src='\/\/blogs.nortecastilla.es\/blogfiles\/vicentealvarez\/mini-La-Seminci.jpg' id='img_1' class='imgizqda'\/><br \/>\nPublicado en El Norte de Castilla el 8 de octubre de 2008<\/p>\n<p>La suerte est\u00e1 echada. La Seminci llama a las puertas de nuestra memoria y nos convoca para la \u00faltima semana de octubre. Llega la ineludible cita de los sue\u00f1os, la semana prodigiosa que nos envuelve, desde hace ya mucho tiempo, en un nirvana de salas oscuras, luces quim\u00e9ricas y mundos irreales. El rouge de unos labios memorables que est\u00e1n dentro de mi corazoncito desde siempre. Terminada la era Lara (con su correspondiente pr\u00f3rroga capitaneada por Frugone) llega el momento de Javier Angulo. El pasado lunes present\u00f3 la 53 Semana Internacional de Cine de Valladolid y ya nos estamos relamiendo el alma. Angulo ha vuelto a insistir en su apuesta por el cine europeo e iberoamericano (18 de las 22 pel\u00edculas de la Secci\u00f3n Oficial), con una dedicaci\u00f3n especial al cine espa\u00f1ol, algo que a m\u00ed particularmente me parece ilusionante y, en los tiempos que corren, valiente. As\u00ed, unos cuantos directores y actores espa\u00f1oles nos dejar\u00e1n sus historias (un par de ellas sobre la Guerra Civil que me resultan tremendamente atractivas, aunque s\u00f3lo sea por llevar la contraria a todos aquellos que reniegan de las historias sobre la Guerra Civil). Llegar\u00e1n viejos amigos como Atom Egoyan, Amos Gitai, Doris D\u00f6rrie, Alberto Lecchi o Rodrigo Pl\u00e1. El esp\u00edritu de la gata sobre el tejado de cinc merodear\u00e1 por las calles de Valladolid de manos de un gui\u00f3n in\u00e9dito de Tenessee Williams. Y la hija de Redford aterrizar\u00e1 para que juzguemos si la gen\u00e9tica derrocha talento. La Secci\u00f3n Oficial es casi siempre una loter\u00eda. Aguardemos y esperemos para ver si nos ha tocado. Aunque s\u00f3lo sea una aproximaci\u00f3n. En un a\u00f1o inequ\u00edvocamente de transici\u00f3n, con apenas tiempo para preparar una edici\u00f3n en condiciones, no se puede exigir mucho m\u00e1s.<br \/>\nNos prometen otros caramelos de mil colores e infinitos sabores. Es lo que tiene la magia del cine. El d\u00eda antes de la inauguraci\u00f3n planean regalarnos la &#8216;Noche Bu\u00f1uel&#8217;, con la proyecci\u00f3n de un documental in\u00e9dito sobre la vida del m\u00e1s grande director espa\u00f1ol de la historia junto al que recorreremos algunos de los lugares emblem\u00e1ticos de la po\u00e9tica bu\u00f1uelesca de la mano de su hijo Juan Luis Bu\u00f1uel y de su \u00faltimo guionista, Jean-Claude Carri\u00e8re. Para acompa\u00f1ar la fiesta se inaugurar\u00e1 la exposici\u00f3n &#8216;\u00c1lbum fotogr\u00e1fico de la familia Bu\u00f1uel&#8217; y tendremos a los tambores de Calanda persiguiendo al perro andaluz por las calles pucelanas.<br \/>\nMuy sugestiva y atrayente se presenta la proyecci\u00f3n de la m\u00edtica &#8216;Metr\u00f3polis&#8217;, de Fritz Lang, en el Auditorio Miguel Delibes, con el acompa\u00f1amiento de la Orquesta Sinf\u00f3nica de Castilla y Le\u00f3n. Un acontecimiento \u00fanico que a m\u00ed me recuerda las gloriosas proyecciones de &#8216;Napole\u00f3n&#8217; y &#8216;La aldea maldita&#8217; en lejanas semincis. Soy de los que piensan que las viejas pel\u00edculas mudas tienen un potencial que no est\u00e1 lo suficientemente aprovechado. Recuperar alguna de esas viejas joyas y hacerlo con la interpretaci\u00f3n en directo de una partitura especialmente compuesta para la Seminci es uno de esos sue\u00f1os que me asaltan cada cierto tiempo.<br \/>\nLos ciclos previstos son (y esto es una opini\u00f3n muy particular porque en alg\u00fan caso me tocan muy de cerca) muy interesantes. A la concesi\u00f3n anual dedicada a las nuevas tecnolog\u00edas, hay que a\u00f1adir un ciclo sobre Shohei Imamura y Bo Widerberg, o como el primero mata a Ozu y el segundo a Bergman. Un ensayo sobre el asesinato del padre que nos permitir\u00e1 ver un buen pu\u00f1ado de pel\u00edculas in\u00e9ditas, al menos para el que esto escribe. Algo que no ocurrir\u00e1 con los otros dos ciclos. El dedicado a Gonzalo Su\u00e1rez es uno de esos ciclos que, tal vez, ten\u00eda que haber llegado antes. Aun as\u00ed, el padre de &#8216;Ditirambo&#8217;, con su cine literario tan controvertido en muchos casos, es un director muy atractivo (y no hablo de su hipn\u00f3tica labia ni de su cuerpo escultural) que merece un sincero reconocimiento. M\u00e1s reconocimiento a\u00fan merecer\u00eda mi admirado Marco Ferreri. No conozco otro caso mayor de olvido e ingratitud para un autor, adem\u00e1s, tan unido a nuestro pa\u00eds. Ning\u00fan ciclo, ning\u00fan homenaje, ninguna de sus \u00faltimas pel\u00edculas siquiera estrenadas. Llevo much\u00edsimos a\u00f1os pregunt\u00e1ndome por qu\u00e9 no se le dedica un ciclo a alguien tan importante como el creador de &#8216;El pisito&#8217; y &#8216;El cochecito&#8217;. Despu\u00e9s de tanto tiempo, por fin, alguien se acuerda de \u00e9l. Aun as\u00ed, tengo la sensaci\u00f3n de que Marco Ferreri vuelve a quedar eclipsado. No ha tenido suerte mi querido bonach\u00f3n milan\u00e9s. En las cr\u00f3nicas de agencia que he le\u00eddo de pasada, apenas se le menciona. Su ciclo, por otro lado, est\u00e1 compartido con el gran Rafael Azcona, recientemente fallecido. Es de esperar que alg\u00fan d\u00eda se le haga el gran homenaje que realmente se merece. \u00c9ste de la Seminci es un buen punto de partida.<br \/>\nHablando de reconocimientos, Angulo se ha destapado con la creaci\u00f3n de una Espiga de Honor que, a partir de este a\u00f1o, comenzar\u00e1 a concederse en la Seminci. Ser\u00e1 como nuestro particular Premio Donosti pero con sabor a Ribera y a lechazo. Abren el fuego de los premiados un par de personajes indispensables en la reciente historia del cine espa\u00f1ol: El\u00edas Querejeta y Carmen Maura.<br \/>\nY no hemos hablado de la secci\u00f3n de Tiempo de Historia que siempre nos regala sorpresas&#8230; En fin, que la 53 Seminci promete. De hecho, ya estoy haciendo cola. Ah, y llamadme pesado, pero yo seguir\u00e9 insistiendo hasta que Javier Angulo me traiga a Sophie Marceau. Se podr\u00eda hacer un ciclo cojonudo y, de regalo, tendr\u00edamos paseando por las calles de Valladolid a una diosa. \u00bfAlguien da m\u00e1s?<\/p>\n","protected":false},"excerpt":{"rendered":"<p>Publicado en El Norte de Castilla el 8 de octubre de 2008 La suerte est\u00e1 echada. La Seminci llama a las puertas de nuestra memoria y nos convoca para la \u00faltima semana de octubre. Llega la ineludible cita de los sue\u00f1os, la semana prodigiosa que nos envuelve, desde hace ya mucho tiempo, en un nirvana [&hellip;]<\/p>\n","protected":false},"author":4,"featured_media":0,"comment_status":"open","ping_status":"closed","sticky":false,"template":"","format":"standard","meta":[],"categories":[7],"tags":[121],"_links":{"self":[{"href":"https:\/\/blogs.elnortedecastilla.es\/vicentealvarez\/wp-json\/wp\/v2\/posts\/436"}],"collection":[{"href":"https:\/\/blogs.elnortedecastilla.es\/vicentealvarez\/wp-json\/wp\/v2\/posts"}],"about":[{"href":"https:\/\/blogs.elnortedecastilla.es\/vicentealvarez\/wp-json\/wp\/v2\/types\/post"}],"author":[{"embeddable":true,"href":"https:\/\/blogs.elnortedecastilla.es\/vicentealvarez\/wp-json\/wp\/v2\/users\/4"}],"replies":[{"embeddable":true,"href":"https:\/\/blogs.elnortedecastilla.es\/vicentealvarez\/wp-json\/wp\/v2\/comments?post=436"}],"version-history":[{"count":0,"href":"https:\/\/blogs.elnortedecastilla.es\/vicentealvarez\/wp-json\/wp\/v2\/posts\/436\/revisions"}],"wp:attachment":[{"href":"https:\/\/blogs.elnortedecastilla.es\/vicentealvarez\/wp-json\/wp\/v2\/media?parent=436"}],"wp:term":[{"taxonomy":"category","embeddable":true,"href":"https:\/\/blogs.elnortedecastilla.es\/vicentealvarez\/wp-json\/wp\/v2\/categories?post=436"},{"taxonomy":"post_tag","embeddable":true,"href":"https:\/\/blogs.elnortedecastilla.es\/vicentealvarez\/wp-json\/wp\/v2\/tags?post=436"}],"curies":[{"name":"wp","href":"https:\/\/api.w.org\/{rel}","templated":true}]}}