{"id":457,"date":"2008-11-02T11:06:59","date_gmt":"2008-11-02T11:06:59","guid":{"rendered":"http:\/\/blogs.elnortedecastilla.es\/vicentealvarez\/?p=457"},"modified":"2008-11-02T11:06:59","modified_gmt":"2008-11-02T11:06:59","slug":"el-cafe-triste-y-azul","status":"publish","type":"post","link":"https:\/\/blogs.elnortedecastilla.es\/vicentealvarez\/2008\/11\/02\/el-cafe-triste-y-azul\/","title":{"rendered":"EL CAF\u00c9 TRISTE Y AZUL"},"content":{"rendered":"<p><OBJECT  height=344 width=425><PARAM NAME=\"movie\" VALUE=\"http:\/\/www.youtube.com\/v\/7cvqeU9Wh-I&#038;hl=es&#038;fs=1\"><PARAM NAME=\"allowFullScreen\" VALUE=\"true\"><PARAM NAME=\"allowscriptaccess\" VALUE=\"always\">   <embed       src=\"\/\/www.youtube.com\/v\/7cvqeU9Wh-I&#038;hl=es&#038;fs=1\" type=\"application\/x-shockwave-flash\" allowscriptaccess=\"always\" allowfullscreen=\"true\" width=\"425\" height=\"344\"><\/embed><\/OBJECT><br \/>\n <P class=MsoNormal style=\"MARGIN: 0cm 0cm 0pt\"><SPAN style=\"FONT-SIZE: 10pt; FONT-FAMILY: Arial\">Existen fechas inolvidables. Todos tenemos alguna. \u201c<SPAN style=\"mso-bidi-font-weight: bold\">Pasar\u00e1s por mi vida sin saber que pasaste.<\/SPAN> <SPAN style=\"mso-bidi-font-weight: bold\">Pasar\u00e1s en silencio por mi amor y, al pasar,<\/SPAN> <SPAN style=\"mso-bidi-font-weight: bold\">fingir\u00e9 una sonrisa, como un dulce contraste<\/SPAN> <SPAN style=\"mso-bidi-font-weight: bold\">del dolor de quererte&#8230; y jam\u00e1s lo sabr\u00e1s\u201d, dice el poeta Jos\u00e9 \u00c1ngel Buesa. En esos versos pienso siempre que escucho a Chris Rea, el hombre que mejor hace llorar a una guitarra. Un cantante con una voz prodigiosa: desgarrada, arenosa, escalofriante. Su guitarra y su voz nos conducen, como nadie lo ha sabido hacer, por paisajes melanc\u00f3licos, nost\u00e1lgicos y elegantes. \u201c<\/SPAN>Mi mundo son millas de caminos sin final que dejan un reguero de sue\u00f1os rotos. \u00bfD\u00f3nde has estado? He escuchado que vas diciendo que me encontrar\u00e1s en el Blue Caf\u00e9. \u00bfD\u00f3nde has estado? \u00bfA d\u00f3nde vas? Quiero saber nuevas cosas, quiero ir contigo, saber qu\u00e9 es lo que has visto, qu\u00e9 cosas nuevas has conocido. \u00bfA d\u00f3nde vas? Porque yo quiero ir contigo. As\u00ed que re\u00fanete conmigo en el Blue Caf\u00e9\u201d.<?xml:namespace prefix = o ns = \"urn:schemas-microsoft-com:office:office\" \/><o:p><\/o:p><\/SPAN><\/p>\n","protected":false},"excerpt":{"rendered":"<p>Existen fechas inolvidables. Todos tenemos alguna. \u201cPasar\u00e1s por mi vida sin saber que pasaste. Pasar\u00e1s en silencio por mi amor y, al pasar, fingir\u00e9 una sonrisa, como un dulce contraste del dolor de quererte&#8230; y jam\u00e1s lo sabr\u00e1s\u201d, dice el poeta Jos\u00e9 \u00c1ngel Buesa. En esos versos pienso siempre que escucho a Chris Rea, el [&hellip;]<\/p>\n","protected":false},"author":4,"featured_media":0,"comment_status":"open","ping_status":"closed","sticky":false,"template":"","format":"standard","meta":[],"categories":[13],"tags":[48],"_links":{"self":[{"href":"https:\/\/blogs.elnortedecastilla.es\/vicentealvarez\/wp-json\/wp\/v2\/posts\/457"}],"collection":[{"href":"https:\/\/blogs.elnortedecastilla.es\/vicentealvarez\/wp-json\/wp\/v2\/posts"}],"about":[{"href":"https:\/\/blogs.elnortedecastilla.es\/vicentealvarez\/wp-json\/wp\/v2\/types\/post"}],"author":[{"embeddable":true,"href":"https:\/\/blogs.elnortedecastilla.es\/vicentealvarez\/wp-json\/wp\/v2\/users\/4"}],"replies":[{"embeddable":true,"href":"https:\/\/blogs.elnortedecastilla.es\/vicentealvarez\/wp-json\/wp\/v2\/comments?post=457"}],"version-history":[{"count":0,"href":"https:\/\/blogs.elnortedecastilla.es\/vicentealvarez\/wp-json\/wp\/v2\/posts\/457\/revisions"}],"wp:attachment":[{"href":"https:\/\/blogs.elnortedecastilla.es\/vicentealvarez\/wp-json\/wp\/v2\/media?parent=457"}],"wp:term":[{"taxonomy":"category","embeddable":true,"href":"https:\/\/blogs.elnortedecastilla.es\/vicentealvarez\/wp-json\/wp\/v2\/categories?post=457"},{"taxonomy":"post_tag","embeddable":true,"href":"https:\/\/blogs.elnortedecastilla.es\/vicentealvarez\/wp-json\/wp\/v2\/tags?post=457"}],"curies":[{"name":"wp","href":"https:\/\/api.w.org\/{rel}","templated":true}]}}