{"id":483,"date":"2008-12-27T11:29:18","date_gmt":"2008-12-27T11:29:18","guid":{"rendered":"http:\/\/blogs.elnortedecastilla.es\/vicentealvarez\/?p=483"},"modified":"2008-12-27T11:29:18","modified_gmt":"2008-12-27T11:29:18","slug":"vallecillo-tercero","status":"publish","type":"post","link":"https:\/\/blogs.elnortedecastilla.es\/vicentealvarez\/2008\/12\/27\/vallecillo-tercero\/","title":{"rendered":"VALLECILLO TERCERO"},"content":{"rendered":"<p><IMG class=imgizqda id=img_1 src=\"\/vicentealvarez\/wp-content\/uploads\/sites\/3\">Publicado en El Norte de Castilla el 27 de diciembre de 2008<\/p>\n<p> <DIV class=text> <DIV class=barhead> <DIV class=ln id=story-entradilla><\/DIV><\/DIV> <DIV class=p id=story-texto> <DIV class=p>Hace dos a\u00f1os \u00c1ngel Vallecillo gan\u00f3 el prestigioso Premio Miguel Delibes con la visionaria y memorable &#8216;Colapsos&#8217;. Era la segunda novela, tras &#8216;La Sombra de una sombra&#8217;, que publicaba en la heroica editorial vallisoletana Dif\u00e1cil. Desde hace unos d\u00edas tenemos en nuestras manos &#8216;Hay un mill\u00f3n de razas&#8217;, la tercera entrega de su particular y prodigioso mundo. Un libro escrito, de nuevo, con una prosa cortante y precisa como el bistur\u00ed de un cirujano y en el que el autor utiliza una t\u00e9cnica que le viene como anillo al dedo a la novela, el falsorrealismo: presentar historias falsas cuya t\u00e9cnica de verosimilitud las hace parecer verdaderas gracias a la mezcla de personajes reales con otros inventados y a la profusi\u00f3n de datos y fechas (que remiten a informes, a libros ficticios, a notas a pie de p\u00e1gina, a fotograf\u00edas, etc\u00e9tera). Todo ello sirve como sustento a una trama fascinante que nos lleva desde la Alemania nazi hasta laboratorios gen\u00e9ticos que parecen sacados de una pel\u00edcula de ciencia ficci\u00f3n, desde Tokio hasta la isla Alegranza, desde Valladolid (&#8220;\u00bfQu\u00e9 co\u00f1o pintaba un t\u00edo de Valladolid investigando el caso Hichmann, la supuesta arma milagrosa de Hitler?&#8221;) hasta la isla Hokkaido. De ello va &#8216;Hay un mill\u00f3n de razas&#8217;, de la fascinaci\u00f3n que producen unos documentos de un oscuro y sanguinario m\u00e9dico nazi, de la irreprimible atracci\u00f3n de su leyenda, del rastro criminal que dejan tras de s\u00ed. En la novela tenemos de todo: nazis, cient\u00edficos locos, esp\u00edas, mercenarios, celos entre profesores universitarios, partidas de p\u00f3quer, una clase magistral de lo que es y representa el Guernica, peligrosas organizaciones neonazis, experimentos gen\u00e9ticos y una propuesta de soluci\u00f3n final, de proceso eugen\u00e9sico a gran escala, que har\u00eda palidecer al mism\u00edsimo Hitler. Desde luego, &#8216;Hay un mill\u00f3n de razas&#8217; roza la obra maestra. Y no es perfecta porque la perfecci\u00f3n es muy aburrida y &#8216;Hay un mill\u00f3n de razas&#8217; es jodidamente entretenida, una novela que te reconcilia con el placer de leer. Podr\u00eda decir, eso s\u00ed, que es intensa, turbulenta, provocativa, sofisticada, sorprendente, hipn\u00f3tica, prof\u00e9tica, cosmopolita, cat\u00e1rtica y adictiva. No recuerdo cu\u00e1ndo fue la primera vez que escuch\u00e9 a \u00c1ngel Vallecillo hablar de esta novela. Fue hace tiempo y fue en El largo adi\u00f3s, el templo de las sirenas encerradas en una Mahou y de los escritores ahorcados. <\/DIV> <DIV class=p>De este mill\u00f3n de razas he aprendido un mill\u00f3n de cosas. He aprendido que la Historia es un ciego mirando al pasado por un retrovisor roto. He aprendido que s\u00f3lo tras vencer el sufrimiento podemos hacer met\u00e1foras del dolor. He aprendido que dormir con la pistola de la culpa bajo la almohada nos conduce directamente al infierno. He aprendido que, al mirar hacia atr\u00e1s, los sue\u00f1os se convierten en un charco de cristales. He aprendido que la m\u00fasica del azar, muchas m\u00e1s veces de las que imaginamos, se convierte en la m\u00fasica de nuestra vida. He aprendido que Tokio es azul. He aprendido que la literatura de Vallecillo est\u00e1 entregada a sue\u00f1os proscritos, que las sirenas bailan hip-hop al ritmo de sus adjetivos, que sus frases est\u00e1n llenas de delitos y tatuajes. He aprendido que sus novelas imitan el v\u00e9rtigo de la belleza de las vidrieras g\u00f3ticas, que sus historias nadan en los r\u00edos de Babilonia, que sus protagonistas visitan catedrales donde se lloran los amores perdidos. He aprendido que hay un mill\u00f3n de escritores pero todos est\u00e1n en \u00c1ngel Vallecillo. Pues eso: &#8216;Hay un mill\u00f3n de razas&#8217;. Ya est\u00e1n tardando en empezar a leerla.<\/DIV><\/DIV><\/DIV><!-- fin-art--><\/p>\n","protected":false},"excerpt":{"rendered":"<p>Publicado en El Norte de Castilla el 27 de diciembre de 2008 Hace dos a\u00f1os \u00c1ngel Vallecillo gan\u00f3 el prestigioso Premio Miguel Delibes con la visionaria y memorable &#8216;Colapsos&#8217;. Era la segunda novela, tras &#8216;La Sombra de una sombra&#8217;, que publicaba en la heroica editorial vallisoletana Dif\u00e1cil. Desde hace unos d\u00edas tenemos en nuestras manos [&hellip;]<\/p>\n","protected":false},"author":4,"featured_media":0,"comment_status":"open","ping_status":"closed","sticky":false,"template":"","format":"standard","meta":[],"categories":[7],"tags":[58,133],"_links":{"self":[{"href":"https:\/\/blogs.elnortedecastilla.es\/vicentealvarez\/wp-json\/wp\/v2\/posts\/483"}],"collection":[{"href":"https:\/\/blogs.elnortedecastilla.es\/vicentealvarez\/wp-json\/wp\/v2\/posts"}],"about":[{"href":"https:\/\/blogs.elnortedecastilla.es\/vicentealvarez\/wp-json\/wp\/v2\/types\/post"}],"author":[{"embeddable":true,"href":"https:\/\/blogs.elnortedecastilla.es\/vicentealvarez\/wp-json\/wp\/v2\/users\/4"}],"replies":[{"embeddable":true,"href":"https:\/\/blogs.elnortedecastilla.es\/vicentealvarez\/wp-json\/wp\/v2\/comments?post=483"}],"version-history":[{"count":0,"href":"https:\/\/blogs.elnortedecastilla.es\/vicentealvarez\/wp-json\/wp\/v2\/posts\/483\/revisions"}],"wp:attachment":[{"href":"https:\/\/blogs.elnortedecastilla.es\/vicentealvarez\/wp-json\/wp\/v2\/media?parent=483"}],"wp:term":[{"taxonomy":"category","embeddable":true,"href":"https:\/\/blogs.elnortedecastilla.es\/vicentealvarez\/wp-json\/wp\/v2\/categories?post=483"},{"taxonomy":"post_tag","embeddable":true,"href":"https:\/\/blogs.elnortedecastilla.es\/vicentealvarez\/wp-json\/wp\/v2\/tags?post=483"}],"curies":[{"name":"wp","href":"https:\/\/api.w.org\/{rel}","templated":true}]}}