{"id":486,"date":"2009-01-02T21:15:03","date_gmt":"2009-01-02T21:15:03","guid":{"rendered":"http:\/\/blogs.elnortedecastilla.es\/vicentealvarez\/?p=486"},"modified":"2009-01-02T21:15:03","modified_gmt":"2009-01-02T21:15:03","slug":"buscando-ladyhalcon-desesperadamente","status":"publish","type":"post","link":"https:\/\/blogs.elnortedecastilla.es\/vicentealvarez\/2009\/01\/02\/buscando-ladyhalcon-desesperadamente\/","title":{"rendered":"BUSCANDO A LADYHALCON DESESPERADAMENTE"},"content":{"rendered":"<p><P class=MsoNormal style=\"MARGIN: 0cm 0cm 0pt\"><SPAN style=\"FONT-SIZE: 10pt; FONT-FAMILY: Arial\">Es un cuento. Una preciosa leyenda heroica y sobrenatural que muy bien podr\u00eda haber escrito Gustavo Adolfo B\u00e9cquer. Tengo un amigo, Ariel Conceiro, que tiene una teor\u00eda al respecto. El capit\u00e1n Etienne Navarre y la hermos\u00edsima Isabeau d\u2019Anjou s\u00f3lo pueden verse durante unos breves instantes, al amanecer y al anochecher, cuando sus manos casi llegan a tocarse. Por un terrible<SPAN style=\"mso-spacerun: yes\"> <\/SPAN>hechizo, \u00e9l es lobo de noche y ella halc\u00f3n de d\u00eda&#8230;. Pero dentro de tres d\u00edas, habr\u00e1 un d\u00eda sin su noche y una noche sin su d\u00eda.<?xml:namespace prefix = o ns = \"urn:schemas-microsoft-com:office:office\" \/><o:p><\/o:p><\/SPAN><\/p>\n<p><IMG class=imgcen id=img_0 src=\"\/vicentealvarez\/wp-content\/uploads\/sites\/3\"><\/p>\n<p><SPAN style=\"FONT-SIZE: 14pt; FONT-FAMILY: Impact\"><o:p><SPAN style=\"FONT-SIZE: 18pt; FONT-FAMILY: Impact\"><o:p> <P class=MsoNormal style=\"MARGIN: 0cm 0cm 0pt\"><SPAN style=\"FONT-SIZE: 16pt; FONT-FAMILY: Impact\">\u00bfSabes que<o:p><\/o:p><\/SPAN><\/p>\n<p> <P class=MsoNormal style=\"MARGIN: 0cm 0cm 0pt 35.4pt; TEXT-INDENT: 35.4pt\"><SPAN style=\"FONT-SIZE: 16pt; FONT-FAMILY: Impact\"><SPAN style=\"mso-spacerun: yes\"> <\/SPAN><SPAN style=\"mso-spacerun: yes\">   <\/SPAN><SPAN style=\"mso-spacerun: yes\"> <\/SPAN>los halcones y los lobos <o:p><\/o:p><\/SPAN><\/p>\n<p> <P class=MsoNormal style=\"MARGIN: 0cm 0cm 0pt 177pt; TEXT-INDENT: 35.4pt\"><SPAN style=\"FONT-SIZE: 16pt; FONT-FAMILY: Impact\"><SPAN style=\"mso-spacerun: yes\">             <\/SPAN>se unen para siempre?<o:p><\/o:p><\/SPAN><\/p>\n<p> <P class=MsoNormal style=\"MARGIN: 0cm 0cm 0pt\"><\/o:p><\/SPAN> <\/p>\n<p> <P class=MsoNormal style=\"MARGIN: 0cm 0cm 0pt\"><\/o:p><\/SPAN> <\/p>\n","protected":false},"excerpt":{"rendered":"<p>Es un cuento. Una preciosa leyenda heroica y sobrenatural que muy bien podr\u00eda haber escrito Gustavo Adolfo B\u00e9cquer. Tengo un amigo, Ariel Conceiro, que tiene una teor\u00eda al respecto. El capit\u00e1n Etienne Navarre y la hermos\u00edsima Isabeau d\u2019Anjou s\u00f3lo pueden verse durante unos breves instantes, al amanecer y al anochecher, cuando sus manos casi llegan [&hellip;]<\/p>\n","protected":false},"author":4,"featured_media":0,"comment_status":"open","ping_status":"closed","sticky":false,"template":"","format":"standard","meta":[],"categories":[2],"tags":[],"_links":{"self":[{"href":"https:\/\/blogs.elnortedecastilla.es\/vicentealvarez\/wp-json\/wp\/v2\/posts\/486"}],"collection":[{"href":"https:\/\/blogs.elnortedecastilla.es\/vicentealvarez\/wp-json\/wp\/v2\/posts"}],"about":[{"href":"https:\/\/blogs.elnortedecastilla.es\/vicentealvarez\/wp-json\/wp\/v2\/types\/post"}],"author":[{"embeddable":true,"href":"https:\/\/blogs.elnortedecastilla.es\/vicentealvarez\/wp-json\/wp\/v2\/users\/4"}],"replies":[{"embeddable":true,"href":"https:\/\/blogs.elnortedecastilla.es\/vicentealvarez\/wp-json\/wp\/v2\/comments?post=486"}],"version-history":[{"count":0,"href":"https:\/\/blogs.elnortedecastilla.es\/vicentealvarez\/wp-json\/wp\/v2\/posts\/486\/revisions"}],"wp:attachment":[{"href":"https:\/\/blogs.elnortedecastilla.es\/vicentealvarez\/wp-json\/wp\/v2\/media?parent=486"}],"wp:term":[{"taxonomy":"category","embeddable":true,"href":"https:\/\/blogs.elnortedecastilla.es\/vicentealvarez\/wp-json\/wp\/v2\/categories?post=486"},{"taxonomy":"post_tag","embeddable":true,"href":"https:\/\/blogs.elnortedecastilla.es\/vicentealvarez\/wp-json\/wp\/v2\/tags?post=486"}],"curies":[{"name":"wp","href":"https:\/\/api.w.org\/{rel}","templated":true}]}}