{"id":492,"date":"2009-01-11T11:10:25","date_gmt":"2009-01-11T11:10:25","guid":{"rendered":"http:\/\/blogs.elnortedecastilla.es\/vicentealvarez\/?p=492"},"modified":"2009-01-11T11:10:25","modified_gmt":"2009-01-11T11:10:25","slug":"primero-tomaremos-manhattan","status":"publish","type":"post","link":"https:\/\/blogs.elnortedecastilla.es\/vicentealvarez\/2009\/01\/11\/primero-tomaremos-manhattan\/","title":{"rendered":"PRIMERO TOMAREMOS MANHATTAN"},"content":{"rendered":"<p><SPAN style=\"FONT-SIZE: 10pt; FONT-FAMILY: Arial\"><?xml:namespace prefix = o ns = \"urn:schemas-microsoft-com:office:office\" \/><o:p>  <P class=MsoNormal style=\"MARGIN: 0cm 0cm 0pt\"><SPAN style=\"FONT-SIZE: 10pt; FONT-FAMILY: Arial\">Es mi poeta de cabecera. Al que recurro cuando necesito paz y serenidad, el que sabe envolverme con un tsunami de amor y saudade, el que me acuna con su voz ronca, densa, sobrenatural, drogada de nicotina y alcohol, el que me adoctrina con sus letras \u00e9picas y profundamente po\u00e9ticas. En estos d\u00edas de crisis, desasosiego y matanzas de inocentes, escuchar esta canci\u00f3n es como leer la Biblia. \u201cFirst we take Manhattan\u201d es un precios\u00edsimo y aterrador himno apocal\u00edptico perteneciente a \u201c<SPAN style=\"mso-bidi-font-weight: bold\">I&#8217;m Your Man\u201d,<\/SPAN> lanzado en 1988. El disco evoluciona a un sonido de pop sint\u00e9tico que poco tiene que ver con el de los primeros \u00e1lbumes del poeta canadiense. Desaparecen casi por completo las guitarras para dar paso a los teclados mientras que la voz y coros adquieren nuevos matices en esta m\u00fasica m\u00e1s maquinal. Se trata de un tema cr\u00edtico con el sistema empresarial y financiero, especialmente con su antigua compa\u00f1\u00eda discogr\u00e1fica que lo abandon\u00f3 tras veinte a\u00f1os de relaci\u00f3n comercial. De todas formas, el tono apocal\u00edptico e iluminado de la canci\u00f3n la convierte en una s\u00e1tira de los fascismos, de los totalitarismos, de las dictaduras, de los que nos imponen modas, de los simbolismos que utilizan los fascismos y de los simbolismos que utilizan los dictadores para controlar al pueblo, una fiera cr\u00edtica a la sociedad occidental, al consumo, a las modas. Leonard Cohen es un visionario. No es extra\u00f1o que esta canci\u00f3n se convirtiera para muchos en un himno a partir del 11-S (curiosamente este v\u00eddeo, una versi\u00f3n semi-live, una interesant\u00edsima versi\u00f3n alternativa del videoclip original, comienza con una imagen de las Torres Gemelas y de un avi\u00f3n). Lo dicho, un visionario y uno de los poetas de mi vida.<o:p><\/o:p><\/SPAN><\/p>\n<p><\/o:p><\/SPAN><br \/>\n <OBJECT  height=344 width=425><PARAM NAME=\"movie\" VALUE=\"http:\/\/www.youtube.com\/v\/FlpOvaKawvc&#038;hl=en&#038;fs=1\"><PARAM NAME=\"allowFullScreen\" VALUE=\"true\"><PARAM NAME=\"allowscriptaccess\" VALUE=\"always\"> <embed   src=\"\/\/www.youtube.com\/v\/FlpOvaKawvc&#038;hl=en&#038;fs=1\" type=\"application\/x-shockwave-flash\" allowscriptaccess=\"always\" allowfullscreen=\"true\" width=\"425\" height=\"344\"><\/embed><\/OBJECT><br \/>\n <P class=MsoNormal style=\"MARGIN: 0cm 0cm 0pt\"><SPAN style=\"FONT-SIZE: 10pt; COLOR: black; FONT-FAMILY: Arial; mso-bidi-font-family: Arial\">Me sentenciaron a veinte a\u00f1os de aburrimiento.<o:p><\/o:p><\/SPAN><\/p>\n<p> <P class=MsoNormal style=\"MARGIN: 0cm 0cm 0pt\"><SPAN style=\"FONT-SIZE: 10pt; COLOR: black; FONT-FAMILY: Arial; mso-bidi-font-family: Arial\">Por intentar cambiar el sistema desde dentro.<o:p><\/o:p><\/SPAN><\/p>\n<p> <P class=MsoNormal style=\"MARGIN: 0cm 0cm 0pt\"><SPAN style=\"FONT-SIZE: 10pt; COLOR: black; FONT-FAMILY: Arial; mso-bidi-font-family: Arial\">Ahora vuelvo, estoy volviendo para recompensarlos.<o:p><\/o:p><\/SPAN><\/p>\n<p> <P class=MsoNormal style=\"MARGIN: 0cm 0cm 0pt\"><SPAN style=\"FONT-SIZE: 10pt; COLOR: black; FONT-FAMILY: Arial; mso-bidi-font-family: Arial\">Primero tomaremos Manhattan. Luego, Berlin.<o:p><\/o:p><\/SPAN><\/p>\n<p> <P class=MsoNormal style=\"MARGIN: 0cm 0cm 0pt\"><SPAN style=\"FONT-SIZE: 10pt; COLOR: black; FONT-FAMILY: Arial; mso-bidi-font-family: Arial\">Camino guiado por una se\u00f1al del cielo.<o:p><\/o:p><\/SPAN><\/p>\n<p> <P class=MsoNormal style=\"MARGIN: 0cm 0cm 0pt\"><SPAN style=\"FONT-SIZE: 10pt; COLOR: black; FONT-FAMILY: Arial; mso-bidi-font-family: Arial\">Camino guiado por esta marca de nacimiento sobre mi piel.<o:p><\/o:p><\/SPAN><\/p>\n<p> <P class=MsoNormal style=\"MARGIN: 0cm 0cm 0pt\"><SPAN style=\"FONT-SIZE: 10pt; COLOR: black; FONT-FAMILY: Arial; mso-bidi-font-family: Arial\">Camino guiado por la belleza de nuestras armas.<o:p><\/o:p><\/SPAN><\/p>\n<p> <P class=MsoNormal style=\"MARGIN: 0cm 0cm 0pt\"><SPAN style=\"FONT-SIZE: 10pt; COLOR: black; FONT-FAMILY: Arial; mso-bidi-font-family: Arial\">Primero tomaremos Manhattan. Luego, Berlin.<o:p><\/o:p><\/SPAN><\/p>\n<p> <P class=MsoNormal style=\"MARGIN: 0cm 0cm 0pt\"><SPAN style=\"FONT-SIZE: 10pt; COLOR: black; FONT-FAMILY: Arial; mso-bidi-font-family: Arial\">Me gustar\u00eda realmente vivir junto a ti, cari\u00f1o.<o:p><\/o:p><\/SPAN><\/p>\n<p> <P class=MsoNormal style=\"MARGIN: 0cm 0cm 0pt\"><SPAN style=\"FONT-SIZE: 10pt; COLOR: black; FONT-FAMILY: Arial; mso-bidi-font-family: Arial\">Amo tu cuerpo, y tu esp\u00edritu, y tu ropa.<o:p><\/o:p><\/SPAN><\/p>\n<p> <P class=MsoNormal style=\"MARGIN: 0cm 0cm 0pt\"><SPAN style=\"FONT-SIZE: 10pt; COLOR: black; FONT-FAMILY: Arial; mso-bidi-font-family: Arial\">Pero, \u00bfves esa fila all\u00ed que se mueve atravesando la estaci\u00f3n?<o:p><\/o:p><\/SPAN><\/p>\n<p> <P class=MsoNormal style=\"MARGIN: 0cm 0cm 0pt\"><SPAN style=\"FONT-SIZE: 10pt; COLOR: black; FONT-FAMILY: Arial; mso-bidi-font-family: Arial\">Te lo dije, te lo dije, te dije que yo era uno de esos.<o:p><\/o:p><\/SPAN><\/p>\n<p> <P class=MsoNormal style=\"MARGIN: 0cm 0cm 0pt\"><SPAN style=\"FONT-SIZE: 10pt; COLOR: black; FONT-FAMILY: Arial; mso-bidi-font-family: Arial\">T\u00fa me amabas como a un perdedor<o:p><\/o:p><\/SPAN><\/p>\n<p> <P class=MsoNormal style=\"MARGIN: 0cm 0cm 0pt\"><SPAN style=\"FONT-SIZE: 10pt; COLOR: black; FONT-FAMILY: Arial; mso-bidi-font-family: Arial\">pero ahora te preocupa que pueda ganar.<o:p><\/o:p><\/SPAN><\/p>\n<p> <P class=MsoNormal style=\"MARGIN: 0cm 0cm 0pt\"><SPAN style=\"FONT-SIZE: 10pt; COLOR: black; FONT-FAMILY: Arial; mso-bidi-font-family: Arial\">T\u00fa sabes la forma de detenerme<o:p><\/o:p><\/SPAN><\/p>\n<p> <P class=MsoNormal style=\"MARGIN: 0cm 0cm 0pt\"><SPAN style=\"FONT-SIZE: 10pt; COLOR: black; FONT-FAMILY: Arial; mso-bidi-font-family: Arial\">pero no tienes la disciplina para hacerlo.<o:p><\/o:p><\/SPAN><\/p>\n<p> <P class=MsoNormal style=\"MARGIN: 0cm 0cm 0pt\"><SPAN style=\"FONT-SIZE: 10pt; COLOR: black; FONT-FAMILY: Arial; mso-bidi-font-family: Arial\">Cu\u00e1ntas noches rec\u00e9 pidiendo esto: dejad que mi trabajo comience.<o:p><\/o:p><\/SPAN><\/p>\n<p> <P class=MsoNormal style=\"MARGIN: 0cm 0cm 0pt\"><SPAN style=\"FONT-SIZE: 10pt; COLOR: black; FONT-FAMILY: Arial; mso-bidi-font-family: Arial\">Primero tomaremos Manhattan. Luego, Berlin.<o:p><\/o:p><\/SPAN><\/p>\n<p> <P class=MsoNormal style=\"MARGIN: 0cm 0cm 0pt\"><SPAN style=\"FONT-SIZE: 10pt; COLOR: black; FONT-FAMILY: Arial; mso-bidi-font-family: Arial\">No me gusta tu negocio de moda, t\u00edo.<o:p><\/o:p><\/SPAN><\/p>\n<p> <P class=MsoNormal style=\"MARGIN: 0cm 0cm 0pt\"><SPAN style=\"FONT-SIZE: 10pt; COLOR: black; FONT-FAMILY: Arial; mso-bidi-font-family: Arial\">No me gustan esas drogas que te mantienen delgado.<o:p><\/o:p><\/SPAN><\/p>\n<p> <P class=MsoNormal style=\"MARGIN: 0cm 0cm 0pt\"><SPAN style=\"FONT-SIZE: 10pt; COLOR: black; FONT-FAMILY: Arial; mso-bidi-font-family: Arial\">No me gusta lo que le sucedi\u00f3 a mi hermana.<o:p><\/o:p><\/SPAN><\/p>\n<p> <P class=MsoNormal style=\"MARGIN: 0cm 0cm 0pt\"><SPAN style=\"FONT-SIZE: 10pt; COLOR: black; FONT-FAMILY: Arial; mso-bidi-font-family: Arial\">Primero tomaremos Manhattan. Luego, Berlin.<o:p><\/o:p><\/SPAN><\/p>\n<p> <P class=MsoNormal style=\"MARGIN: 0cm 0cm 0pt\"><SPAN style=\"FONT-SIZE: 10pt; COLOR: black; FONT-FAMILY: Arial; mso-bidi-font-family: Arial\">Y gracias por esos art\u00edculos que me enviaste.<o:p><\/o:p><\/SPAN><\/p>\n<p> <P class=MsoNormal style=\"MARGIN: 0cm 0cm 0pt\"><SPAN style=\"FONT-SIZE: 10pt; COLOR: black; FONT-FAMILY: Arial; mso-bidi-font-family: Arial\">El mono y el viol\u00edn de madera contrachapada.<o:p><\/o:p><\/SPAN><\/p>\n<p> <P class=MsoNormal style=\"MARGIN: 0cm 0cm 0pt\"><SPAN style=\"FONT-SIZE: 10pt; COLOR: black; FONT-FAMILY: Arial; mso-bidi-font-family: Arial\">Practiqu\u00e9 cada noche y ya estoy preparado.<o:p><\/o:p><\/SPAN><\/p>\n<p> <P class=MsoNormal style=\"MARGIN: 0cm 0cm 0pt\"><SPAN style=\"FONT-SIZE: 10pt; COLOR: black; FONT-FAMILY: Arial; mso-bidi-font-family: Arial\">Primero tomaremos Manhattan. Luego, Berlin.<o:p><\/o:p><\/SPAN><\/p>\n<p> <P class=MsoNormal style=\"MARGIN: 0cm 0cm 0pt\"><SPAN style=\"FONT-SIZE: 10pt; COLOR: black; FONT-FAMILY: Arial; mso-bidi-font-family: Arial\">Recu\u00e9rdame, sol\u00eda vivir para la m\u00fasica.<o:p><\/o:p><\/SPAN><\/p>\n<p> <P class=MsoNormal style=\"MARGIN: 0cm 0cm 0pt\"><SPAN style=\"FONT-SIZE: 10pt; COLOR: black; FONT-FAMILY: Arial; mso-bidi-font-family: Arial\">Recu\u00e9rdame, te ayudaba a llevar las bolsas de la compra a casa.<o:p><\/o:p><\/SPAN><\/p>\n<p> <P class=MsoNormal style=\"MARGIN: 0cm 0cm 0pt\"><SPAN style=\"FONT-SIZE: 10pt; COLOR: black; FONT-FAMILY: Arial; mso-bidi-font-family: Arial\">Es el d\u00eda del padre y todo el mundo est\u00e1 herido.<o:p><\/o:p><\/SPAN><\/p>\n<p> <P class=MsoNormal style=\"MARGIN: 0cm 0cm 0pt\"><SPAN style=\"FONT-SIZE: 10pt; COLOR: black; FONT-FAMILY: Arial; mso-bidi-font-family: Arial\">Primero tomaremos Manhattan. Luego, Berlin.<o:p><\/o:p><\/SPAN><\/p>\n<p> <P class=MsoNormal style=\"MARGIN: 0cm 0cm 0pt\"><\/p>\n","protected":false},"excerpt":{"rendered":"<p>Es mi poeta de cabecera. Al que recurro cuando necesito paz y serenidad, el que sabe envolverme con un tsunami de amor y saudade, el que me acuna con su voz ronca, densa, sobrenatural, drogada de nicotina y alcohol, el que me adoctrina con sus letras \u00e9picas y profundamente po\u00e9ticas. En estos d\u00edas de crisis, [&hellip;]<\/p>\n","protected":false},"author":4,"featured_media":0,"comment_status":"open","ping_status":"closed","sticky":false,"template":"","format":"standard","meta":[],"categories":[13],"tags":[93],"_links":{"self":[{"href":"https:\/\/blogs.elnortedecastilla.es\/vicentealvarez\/wp-json\/wp\/v2\/posts\/492"}],"collection":[{"href":"https:\/\/blogs.elnortedecastilla.es\/vicentealvarez\/wp-json\/wp\/v2\/posts"}],"about":[{"href":"https:\/\/blogs.elnortedecastilla.es\/vicentealvarez\/wp-json\/wp\/v2\/types\/post"}],"author":[{"embeddable":true,"href":"https:\/\/blogs.elnortedecastilla.es\/vicentealvarez\/wp-json\/wp\/v2\/users\/4"}],"replies":[{"embeddable":true,"href":"https:\/\/blogs.elnortedecastilla.es\/vicentealvarez\/wp-json\/wp\/v2\/comments?post=492"}],"version-history":[{"count":0,"href":"https:\/\/blogs.elnortedecastilla.es\/vicentealvarez\/wp-json\/wp\/v2\/posts\/492\/revisions"}],"wp:attachment":[{"href":"https:\/\/blogs.elnortedecastilla.es\/vicentealvarez\/wp-json\/wp\/v2\/media?parent=492"}],"wp:term":[{"taxonomy":"category","embeddable":true,"href":"https:\/\/blogs.elnortedecastilla.es\/vicentealvarez\/wp-json\/wp\/v2\/categories?post=492"},{"taxonomy":"post_tag","embeddable":true,"href":"https:\/\/blogs.elnortedecastilla.es\/vicentealvarez\/wp-json\/wp\/v2\/tags?post=492"}],"curies":[{"name":"wp","href":"https:\/\/api.w.org\/{rel}","templated":true}]}}