{"id":493,"date":"2009-01-13T18:12:02","date_gmt":"2009-01-13T18:12:02","guid":{"rendered":"http:\/\/blogs.elnortedecastilla.es\/vicentealvarez\/?p=493"},"modified":"2009-01-13T18:12:02","modified_gmt":"2009-01-13T18:12:02","slug":"lecciones-filosofia-chris-stevens-18","status":"publish","type":"post","link":"https:\/\/blogs.elnortedecastilla.es\/vicentealvarez\/2009\/01\/13\/lecciones-filosofia-chris-stevens-18\/","title":{"rendered":"LECCIONES DE FILOSOF\u00cdA DE CHRIS STEVENS (18)"},"content":{"rendered":"<p><P class=MsoNormal style=\"MARGIN: 0cm 0cm 0pt; TEXT-ALIGN: justify\"><SPAN lang=CA style=\"FONT-SIZE: 10pt; FONT-FAMILY: Arial; mso-ansi-language: CA\"> <\/SPAN><SPAN lang=CA style=\"FONT-SIZE: 10pt; FONT-FAMILY: Arial; mso-bidi-font-family: 'Times New Roman'; mso-ansi-language: CA; mso-fareast-font-family: 'Times New Roman'; mso-fareast-language: ES; mso-bidi-language: AR-SA\">\u201cYo te hice remero porque tuve un sue\u00f1o. Un hombrecito de madera me sonre\u00eda. Estaba en una canoa sobre un banco de nieve de esta colina. El sue\u00f1o se ha convertido en realidad. El esp\u00edritu del sol posar\u00e1 su mirada en la nieve, y la derretir\u00e1, y el agua descender\u00e1 hasta el r\u00edo y, desde \u00e9ste, hacia los grandes lagos y llegar\u00e1 hasta el mar. T\u00fa ir\u00e1s con el agua y vivir\u00e1s aventuras que a m\u00ed me gustar\u00eda vivir pero no puedo ir contigo porque debo quedarme y ayudar a mi padre con las trampas\u201d. Esto es \u201cRemando hasta el mar\u201d, amigos, la historia de un peque\u00f1o indio que env\u00eda su canoa de juguete en un viaje que \u00e9l es demasiado joven para hacer. Nosotros hacemos lo mismo: Pioneer, Voyager, Galileo, nuestros abanderados en la eterna cruzada humana:<SPAN style=\"mso-spacerun: yes\">  <\/SPAN>la exploraci\u00f3n. Y ahora estamos en la ruta c\u00f3smica. \u00bfPor qu\u00e9? La tierra se ha quedado peque\u00f1a, \u00bfsab\u00e9is? Hace menos de cien a\u00f1os, Admundsen pudo haber sido el primer hombre que alcanzara el Polo Sur. Falcon Scott pudo morir en el intento pero ahora, el a\u00f1o pasado, China tuvo que cerrar el Everest: demasiada basura. El mundo se ha vuelto fr\u00e1gil: no est\u00e1 para que le conquisten. Hay que protegerlo, mimarlo y alimentarlo como a un beb\u00e9. \u00bfY qu\u00e9 hacemos? Lanzamos nuestros sustitutos al espacio interestelar, so\u00f1ando con el buen dia en que podamos ir nosotros mismos.<\/SPAN><\/p>\n","protected":false},"excerpt":{"rendered":"<p>\u201cYo te hice remero porque tuve un sue\u00f1o. Un hombrecito de madera me sonre\u00eda. Estaba en una canoa sobre un banco de nieve de esta colina. El sue\u00f1o se ha convertido en realidad. El esp\u00edritu del sol posar\u00e1 su mirada en la nieve, y la derretir\u00e1, y el agua descender\u00e1 hasta el r\u00edo y, desde [&hellip;]<\/p>\n","protected":false},"author":4,"featured_media":0,"comment_status":"open","ping_status":"closed","sticky":false,"template":"","format":"standard","meta":[],"categories":[17],"tags":[],"_links":{"self":[{"href":"https:\/\/blogs.elnortedecastilla.es\/vicentealvarez\/wp-json\/wp\/v2\/posts\/493"}],"collection":[{"href":"https:\/\/blogs.elnortedecastilla.es\/vicentealvarez\/wp-json\/wp\/v2\/posts"}],"about":[{"href":"https:\/\/blogs.elnortedecastilla.es\/vicentealvarez\/wp-json\/wp\/v2\/types\/post"}],"author":[{"embeddable":true,"href":"https:\/\/blogs.elnortedecastilla.es\/vicentealvarez\/wp-json\/wp\/v2\/users\/4"}],"replies":[{"embeddable":true,"href":"https:\/\/blogs.elnortedecastilla.es\/vicentealvarez\/wp-json\/wp\/v2\/comments?post=493"}],"version-history":[{"count":0,"href":"https:\/\/blogs.elnortedecastilla.es\/vicentealvarez\/wp-json\/wp\/v2\/posts\/493\/revisions"}],"wp:attachment":[{"href":"https:\/\/blogs.elnortedecastilla.es\/vicentealvarez\/wp-json\/wp\/v2\/media?parent=493"}],"wp:term":[{"taxonomy":"category","embeddable":true,"href":"https:\/\/blogs.elnortedecastilla.es\/vicentealvarez\/wp-json\/wp\/v2\/categories?post=493"},{"taxonomy":"post_tag","embeddable":true,"href":"https:\/\/blogs.elnortedecastilla.es\/vicentealvarez\/wp-json\/wp\/v2\/tags?post=493"}],"curies":[{"name":"wp","href":"https:\/\/api.w.org\/{rel}","templated":true}]}}