{"id":504,"date":"2009-02-01T11:49:57","date_gmt":"2009-02-01T11:49:57","guid":{"rendered":"http:\/\/blogs.elnortedecastilla.es\/vicentealvarez\/?p=504"},"modified":"2009-02-01T11:49:57","modified_gmt":"2009-02-01T11:49:57","slug":"humo-y-azar","status":"publish","type":"post","link":"https:\/\/blogs.elnortedecastilla.es\/vicentealvarez\/2009\/02\/01\/humo-y-azar\/","title":{"rendered":"HUMO Y AZAR"},"content":{"rendered":"<p><IMG class=imgcen id=img_0 src=\"\/vicentealvarez\/wp-content\/uploads\/sites\/3\/mini-humoyazar.bmp.jpg\">  <P class=MsoNormal style=\"MARGIN: 0cm 0cm 0pt; mso-margin-top-alt: auto; mso-margin-bottom-alt: auto\"><SPAN style=\"FONT-SIZE: 10pt; FONT-FAMILY: Arial\">Luis Eduardo Aute grab\u00f3 hace un par de a\u00f1os <SPAN style=\"mso-spacerun: yes\"><\/SPAN>disco y DVD en el cordob\u00e9s Patio de Columnas del Palacio Museo de Viana donde fue desgranando algunas de sus obras m\u00e1s emblem\u00e1ticas. Un concierto que constituye un resumen exquisito de cuarenta a\u00f1os de carrera, al que se a\u00f1ade un documental dirigido por Javier Elorrieta que cuenta con la inestimable colaboraci\u00f3n de Pastora Vega y de Julio Romero de Torres (que pasaban por all\u00ed). <SPAN style=\"mso-spacerun: yes\"><\/SPAN>El tercer disco en directo de Aute y el primero en el que la totalidad de sus canciones son de amor. Una vuelta de tuerca a unos<SPAN style=\"mso-bidi-font-weight: bold\"> himnos y plegarias que no paro de escuchar ya que no he encontrado mejor<\/SPAN> droga para el desasosiego y para la saudade. El peculiar mundo de Aute, la melancol\u00eda del tiempo que se escapa para no volver, los extra\u00f1os ritos de cipreses y agujeros, la necesidad que tenemos de refugiarnos con jeringuillas infectadas de cronopios o de hacer acopio de fusiles que disparen girasoles. En fin, que lo \u00fanico que me resulta meridianamente claro es que muchas de las canciones de Aute creo haberlas compuesto yo (haberlas vivido yo, ser\u00eda m\u00e1s correcto). <SPAN style=\"mso-spacerun: yes\"><\/SPAN>Sospecho que, por eso, Aute me mata. <?xml:namespace prefix = o ns = \"urn:schemas-microsoft-com:office:office\" \/><o:p><\/o:p><\/SPAN><\/p>\n<p> <P class=MsoNormal style=\"MARGIN: 0cm 0cm 0pt; mso-margin-top-alt: auto; mso-margin-bottom-alt: auto\"><SPAN style=\"FONT-SIZE: 10pt; FONT-FAMILY: Arial\">Hay una historia, adem\u00e1s, <SPAN style=\"mso-spacerun: yes\"><\/SPAN>que me emparenta con Aute y que muy poca gente conoce. Corr\u00eda el a\u00f1o 2002 cuando recib\u00ed el Premio de Novela \u201cCastilla-La Mancha\u201d por \u201cG\u00e9nesis 1.32\u201d. La editorial Nostrum prepar\u00f3 una presentaci\u00f3n del libro en Madrid y me propuso elegir a una personalidad importante que se encargara de ella. Yo escog\u00ed a Luis Eduardo Aute. A los pocos d\u00edas, el editor me dijo que Aute estaba encantado con la idea. Un par de semanas despu\u00e9s me llam\u00f3 para decirme que hab\u00eda le\u00eddo la novela y que le hab\u00eda gustado mucho, sobre todo el especial protagonismo de pintura y pintores. Llegado el d\u00eda de la presentaci\u00f3n, diez minutos antes del comienzo, <SPAN style=\"mso-spacerun: yes\"><\/SPAN>el editor me dijo que hab\u00eda habido un grave contratiempo que iba a impedir a Aute asistir al acto. Nunca supe si aquello fue cierto o todo result\u00f3 una maliciosa artima\u00f1a del editor. Cuando termin\u00f3 la presentaci\u00f3n, iba por un Madrid fantasmag\u00f3rico completamente vac\u00edo cargado con un inmenso cartel que hab\u00eda servido para la presentaci\u00f3n. Entr\u00e9 en varios garitos de Madrid y todos estaban semi-vac\u00edos. Pregunt\u00e9 a una camarera y me dijo que Espa\u00f1a entera estaba sentada delante del televisor viendo la final de Operaci\u00f3n Triunfo en la que unos tales Bisbal, Rosa, Chenoa o Bustamante se pegaban por convertirse en los m\u00fasicos de referencia de un pa\u00eds. Y en esas andamos.<o:p><\/o:p><\/SPAN><\/p>\n","protected":false},"excerpt":{"rendered":"<p>Luis Eduardo Aute grab\u00f3 hace un par de a\u00f1os disco y DVD en el cordob\u00e9s Patio de Columnas del Palacio Museo de Viana donde fue desgranando algunas de sus obras m\u00e1s emblem\u00e1ticas. Un concierto que constituye un resumen exquisito de cuarenta a\u00f1os de carrera, al que se a\u00f1ade un documental dirigido por Javier Elorrieta que [&hellip;]<\/p>\n","protected":false},"author":4,"featured_media":0,"comment_status":"open","ping_status":"closed","sticky":false,"template":"","format":"standard","meta":[],"categories":[6],"tags":[30],"_links":{"self":[{"href":"https:\/\/blogs.elnortedecastilla.es\/vicentealvarez\/wp-json\/wp\/v2\/posts\/504"}],"collection":[{"href":"https:\/\/blogs.elnortedecastilla.es\/vicentealvarez\/wp-json\/wp\/v2\/posts"}],"about":[{"href":"https:\/\/blogs.elnortedecastilla.es\/vicentealvarez\/wp-json\/wp\/v2\/types\/post"}],"author":[{"embeddable":true,"href":"https:\/\/blogs.elnortedecastilla.es\/vicentealvarez\/wp-json\/wp\/v2\/users\/4"}],"replies":[{"embeddable":true,"href":"https:\/\/blogs.elnortedecastilla.es\/vicentealvarez\/wp-json\/wp\/v2\/comments?post=504"}],"version-history":[{"count":0,"href":"https:\/\/blogs.elnortedecastilla.es\/vicentealvarez\/wp-json\/wp\/v2\/posts\/504\/revisions"}],"wp:attachment":[{"href":"https:\/\/blogs.elnortedecastilla.es\/vicentealvarez\/wp-json\/wp\/v2\/media?parent=504"}],"wp:term":[{"taxonomy":"category","embeddable":true,"href":"https:\/\/blogs.elnortedecastilla.es\/vicentealvarez\/wp-json\/wp\/v2\/categories?post=504"},{"taxonomy":"post_tag","embeddable":true,"href":"https:\/\/blogs.elnortedecastilla.es\/vicentealvarez\/wp-json\/wp\/v2\/tags?post=504"}],"curies":[{"name":"wp","href":"https:\/\/api.w.org\/{rel}","templated":true}]}}