{"id":520,"date":"2009-03-01T21:11:31","date_gmt":"2009-03-01T21:11:31","guid":{"rendered":"http:\/\/blogs.elnortedecastilla.es\/vicentealvarez\/?p=520"},"modified":"2009-03-01T21:11:31","modified_gmt":"2009-03-01T21:11:31","slug":"kavafis","status":"publish","type":"post","link":"https:\/\/blogs.elnortedecastilla.es\/vicentealvarez\/2009\/03\/01\/kavafis\/","title":{"rendered":"KAVAFIS"},"content":{"rendered":"<p><IMG class=imgcen id=img_0 src=\"\/vicentealvarez\/wp-content\/uploads\/sites\/3\">  <P class=MsoBodyText style=\"MARGIN: 0cm 0cm 0pt\"><SPAN style=\"FONT-SIZE: 11pt\"><FONT face=\"Times New Roman\"><FONT face=Georgia size=2>Necesito de vez en cuando darme un ba\u00f1o sonoro con alg\u00fan disco de Vangelis. Su m\u00fasica me relaja y me hace ver las cosas desde otra perspectiva. Cualquier disco suyo vale. Esta semana ha sido la banda sonora de la pel\u00edcula griega \u201cKavafis\u201d la que me ha reseteado el alma. M\u00fasica dram\u00e1tica y pausada jam\u00e1s editada de manera oficial aunque existen en el mercado un par de bootlegs que recogen el score compuesto por Vangelis. Una oportunidad \u00fanica para conocer de cerca la vida, el alma y la esencia de Kavafis y para escucharle recitar en griego alguno de sus poemas. No conozco a nadie que me regale atm\u00f3sferas de sonido tan envolvente, melod\u00edas tan hipnotizantes, temas tan atemporales, excelentes y originales. Nadie como Vangelis para<SPAN style=\"mso-spacerun: yes\"> <\/SPAN>sacar unos<SPAN style=\"mso-spacerun: yes\"> <\/SPAN>sonidos tan c\u00e1lidos de los fr\u00edos sintetizadores. Percusiones \u00fanicas, sonidos bizantinos y ambientaciones oscuras. Ah, y sobre todo, la magia de la poes\u00eda desnuda de Kavafis\u2026.<\/FONT><\/p>\n<p> <FONT size=2><FONT face=Georgia><?xml:namespace prefix = o ns = \"urn:schemas-microsoft-com:office:office\" \/><o:p><\/o:p><\/FONT><\/FONT> <\/p>\n<p> <P class=MsoBodyText style=\"MARGIN: 0cm 0cm 0pt\"><\/p>\n<p> <P class=MsoBodyText style=\"MARGIN: 0cm 0cm 0pt\"><FONT face=Georgia size=2>Vuelve otra vez y t\u00f3mame,<\/FONT><\/p>\n<p> <P class=MsoBodyText style=\"MARGIN: 0cm 0cm 0pt\"><FONT face=Georgia size=2>amada sensaci\u00f3n, regresa y t\u00f3mame.<\/FONT><\/p>\n<p> <P class=MsoBodyText style=\"MARGIN: 0cm 0cm 0pt\"><FONT face=Georgia size=2>Cuando la memoria del cuerpo se despierta,<\/FONT><\/p>\n<p> <P class=MsoBodyText style=\"MARGIN: 0cm 0cm 0pt\"><FONT face=Georgia size=2>y un antiguo deseo atraviesa la sangre;<\/FONT><\/p>\n<p> <P class=MsoBodyText style=\"MARGIN: 0cm 0cm 0pt\"><FONT face=Georgia size=2>cuando los labios y la piel recuerdan,<\/FONT><\/p>\n<p> <P class=MsoBodyText style=\"MARGIN: 0cm 0cm 0pt\"><FONT face=Georgia size=2>y mis manos sienten como si te tocaran de nuevo.<\/FONT><\/p>\n<p> <P class=MsoBodyText style=\"MARGIN: 0cm 0cm 0pt\"><FONT face=Georgia size=2>Vuelve otra vez y t\u00f3mame en la noche,<\/FONT><\/p>\n<p> <P class=MsoBodyText style=\"MARGIN: 0cm 0cm 0pt\"><FONT face=Georgia size=2>cuando los labios y la piel recuerdan.<\/FONT><\/p>\n<p> <P class=MsoNormal style=\"MARGIN: 0cm 0cm 0pt\"><\/FONT><\/SPAN><\/p>\n","protected":false},"excerpt":{"rendered":"<p>Necesito de vez en cuando darme un ba\u00f1o sonoro con alg\u00fan disco de Vangelis. Su m\u00fasica me relaja y me hace ver las cosas desde otra perspectiva. Cualquier disco suyo vale. Esta semana ha sido la banda sonora de la pel\u00edcula griega \u201cKavafis\u201d la que me ha reseteado el alma. M\u00fasica dram\u00e1tica y pausada jam\u00e1s [&hellip;]<\/p>\n","protected":false},"author":4,"featured_media":0,"comment_status":"open","ping_status":"closed","sticky":false,"template":"","format":"standard","meta":[],"categories":[6],"tags":[],"_links":{"self":[{"href":"https:\/\/blogs.elnortedecastilla.es\/vicentealvarez\/wp-json\/wp\/v2\/posts\/520"}],"collection":[{"href":"https:\/\/blogs.elnortedecastilla.es\/vicentealvarez\/wp-json\/wp\/v2\/posts"}],"about":[{"href":"https:\/\/blogs.elnortedecastilla.es\/vicentealvarez\/wp-json\/wp\/v2\/types\/post"}],"author":[{"embeddable":true,"href":"https:\/\/blogs.elnortedecastilla.es\/vicentealvarez\/wp-json\/wp\/v2\/users\/4"}],"replies":[{"embeddable":true,"href":"https:\/\/blogs.elnortedecastilla.es\/vicentealvarez\/wp-json\/wp\/v2\/comments?post=520"}],"version-history":[{"count":0,"href":"https:\/\/blogs.elnortedecastilla.es\/vicentealvarez\/wp-json\/wp\/v2\/posts\/520\/revisions"}],"wp:attachment":[{"href":"https:\/\/blogs.elnortedecastilla.es\/vicentealvarez\/wp-json\/wp\/v2\/media?parent=520"}],"wp:term":[{"taxonomy":"category","embeddable":true,"href":"https:\/\/blogs.elnortedecastilla.es\/vicentealvarez\/wp-json\/wp\/v2\/categories?post=520"},{"taxonomy":"post_tag","embeddable":true,"href":"https:\/\/blogs.elnortedecastilla.es\/vicentealvarez\/wp-json\/wp\/v2\/tags?post=520"}],"curies":[{"name":"wp","href":"https:\/\/api.w.org\/{rel}","templated":true}]}}