{"id":524,"date":"2009-03-08T12:04:30","date_gmt":"2009-03-08T12:04:30","guid":{"rendered":"http:\/\/blogs.elnortedecastilla.es\/vicentealvarez\/?p=524"},"modified":"2009-03-08T12:04:30","modified_gmt":"2009-03-08T12:04:30","slug":"espaldas-mojadas","status":"publish","type":"post","link":"https:\/\/blogs.elnortedecastilla.es\/vicentealvarez\/2009\/03\/08\/espaldas-mojadas\/","title":{"rendered":"ESPALDAS MOJADAS"},"content":{"rendered":"<p><SPAN style=\"FONT-SIZE: 10pt; FONT-FAMILY: Arial\">Ten\u00edamos 13 a\u00f1os y la descubrimos en el viejo cine Lafuente, de la calle Manter\u00eda. La pel\u00edcula se titulaba \u201cLa M\u00e1scara\u201d y todos nos enamoramos de ella. Luego la vimos en \u201cSusana quiere perder eso\u201d, en \u201cDesnuda ante el espejo\u201d, en \u201cDiabla\u201d, en \u201cLos claros motivos del deseo\u201d y en otras muchas. \u00cdbamos del cine Goya al cine Lafuente con la obsesi\u00f3n de volver a ver a la preciosa Patricia Adriani, el mito er\u00f3tico de mi adolescencia. No era una actriz sobresaliente pero ten\u00eda una mirada que derret\u00eda la pantalla. A nosotros, adem\u00e1s, nos derret\u00eda otras cosas. Las revistas de la \u00e9poca, eso s\u00ed, hablaban del misterio de su mirada\u2026. Fue una de las grandes musas cinematogr\u00e1ficas de la \u00e9poca del destape aunque, muy pronto, se embarc\u00f3 en proyectos m\u00e1s ambiciosos: \u201cEl nido\u201d, \u201cLas bicicletas son para el verano\u201d, \u201cUltimas tardes con Teresa\u201d, \u201cDedicatoria\u201d, \u201cSus a\u00f1os dorados\u201d\u2026. Con el tiempo, dejamos de saber de ella. Lo \u00faltimo que se supo es que protagoniz\u00f3 un culebr\u00f3n en la tele. Tambi\u00e9n nos dej\u00f3 una aparici\u00f3n fugaz en un videoclip de Tam Tam Go. Me he acordado de ella (y de todo lo dem\u00e1s) al verla. No pienses que te he olvidado, aunque larga y triste es esta quimera\u2026. Todos seguimos persiguiendo un sue\u00f1o. Todos seguimos cruzando el r\u00edo.<?xml:namespace prefix = o ns = \"urn:schemas-microsoft-com:office:office\" \/><o:p><\/o:p><\/SPAN><\/p>\n<p> <OBJECT  height=344 width=425><PARAM NAME=\"movie\" VALUE=\"http:\/\/www.youtube.com\/v\/f-rzq2PDcrc&#038;hl=en&#038;fs=1\"><PARAM NAME=\"allowFullScreen\" VALUE=\"true\"><PARAM NAME=\"allowscriptaccess\" VALUE=\"always\">   <embed       src=\"\/\/www.youtube.com\/v\/f-rzq2PDcrc&#038;hl=en&#038;fs=1\" type=\"application\/x-shockwave-flash\" allowscriptaccess=\"always\" allowfullscreen=\"true\" width=\"425\" height=\"344\"><\/embed><\/OBJECT><\/p>\n","protected":false},"excerpt":{"rendered":"<p>Ten\u00edamos 13 a\u00f1os y la descubrimos en el viejo cine Lafuente, de la calle Manter\u00eda. La pel\u00edcula se titulaba \u201cLa M\u00e1scara\u201d y todos nos enamoramos de ella. Luego la vimos en \u201cSusana quiere perder eso\u201d, en \u201cDesnuda ante el espejo\u201d, en \u201cDiabla\u201d, en \u201cLos claros motivos del deseo\u201d y en otras muchas. \u00cdbamos del cine [&hellip;]<\/p>\n","protected":false},"author":4,"featured_media":0,"comment_status":"open","ping_status":"closed","sticky":false,"template":"","format":"standard","meta":[],"categories":[13],"tags":[],"_links":{"self":[{"href":"https:\/\/blogs.elnortedecastilla.es\/vicentealvarez\/wp-json\/wp\/v2\/posts\/524"}],"collection":[{"href":"https:\/\/blogs.elnortedecastilla.es\/vicentealvarez\/wp-json\/wp\/v2\/posts"}],"about":[{"href":"https:\/\/blogs.elnortedecastilla.es\/vicentealvarez\/wp-json\/wp\/v2\/types\/post"}],"author":[{"embeddable":true,"href":"https:\/\/blogs.elnortedecastilla.es\/vicentealvarez\/wp-json\/wp\/v2\/users\/4"}],"replies":[{"embeddable":true,"href":"https:\/\/blogs.elnortedecastilla.es\/vicentealvarez\/wp-json\/wp\/v2\/comments?post=524"}],"version-history":[{"count":0,"href":"https:\/\/blogs.elnortedecastilla.es\/vicentealvarez\/wp-json\/wp\/v2\/posts\/524\/revisions"}],"wp:attachment":[{"href":"https:\/\/blogs.elnortedecastilla.es\/vicentealvarez\/wp-json\/wp\/v2\/media?parent=524"}],"wp:term":[{"taxonomy":"category","embeddable":true,"href":"https:\/\/blogs.elnortedecastilla.es\/vicentealvarez\/wp-json\/wp\/v2\/categories?post=524"},{"taxonomy":"post_tag","embeddable":true,"href":"https:\/\/blogs.elnortedecastilla.es\/vicentealvarez\/wp-json\/wp\/v2\/tags?post=524"}],"curies":[{"name":"wp","href":"https:\/\/api.w.org\/{rel}","templated":true}]}}