{"id":534,"date":"2009-03-26T12:51:27","date_gmt":"2009-03-26T12:51:27","guid":{"rendered":"http:\/\/blogs.elnortedecastilla.es\/vicentealvarez\/?p=534"},"modified":"2009-03-26T12:51:27","modified_gmt":"2009-03-26T12:51:27","slug":"la-sombra-tu-sombra","status":"publish","type":"post","link":"https:\/\/blogs.elnortedecastilla.es\/vicentealvarez\/2009\/03\/26\/la-sombra-tu-sombra\/","title":{"rendered":"LA SOMBRA DE TU SOMBRA"},"content":{"rendered":"<p><IMG class=imgizqda id=img_0 src=\"\/vicentealvarez\/wp-content\/uploads\/sites\/3\">Publicado en El Norte de Castilla el 26 de marzo de 2009.<\/p>\n<p> <DIV class=p>Adoro las listas. Sospecho que es una herencia m\u00e1s de mi adorado Georges Perec y una excusa perfecta para examinar mis recuerdos y ponerlos en el tendedero. Es evidente que todos tenemos nuestras preferencias y nuestras listas particulares y que, la mayor\u00eda de las veces, no coinciden con las del resto. Hace unos d\u00edas, cierto peri\u00f3dico pregunt\u00f3 a cien m\u00fasicos por las canciones m\u00e1s importantes de su vida. La lista resultante es de lo m\u00e1s variopinta. Ganan por goleada los temas pop, con especial protagonismo de los a\u00f1os 60 y los Beatles. Hay alguna muestra de casi todos los estilos y alguna que otra aberraci\u00f3n y olvido. Lo m\u00e1s importante y significativo, eso s\u00ed, fue la canci\u00f3n ganadora: el himno \u00edntimo y perla de la chanson francesa &#8216;Ne me quitte pas&#8217;, de Jacques Brel. Sorprendente resultado que viene a demostrar que todos tenemos un corazoncito y que esa cosita tan cabrona llamada amor sigue control\u00e1ndolo y manej\u00e1ndolo todo. <\/DIV> <DIV class=p>Llevaba tiempo queriendo hablar de esa perla de dolor que cumplir\u00e1 cincuenta a\u00f1os en unos meses. La primera versi\u00f3n de &#8216;Ne me quitte pas&#8217; apareci\u00f3 el 11 de septiembre de 1959 en el disco &#8216;La Valse \u00e0 mille temps&#8217;. La canci\u00f3n francesa m\u00e1s famosa del mundo, parad\u00f3jicamente escrita por un belga, no era otra cosa que un grito desesperado de Jacques Brel para que su novia no le abandonara. Algo que result\u00f3 in\u00fatil. De hecho, ella hab\u00eda abortado porque \u00e9l no hab\u00eda aceptado la paternidad. El resto forma parte de la historia. &#8216;Ne me quitte pas&#8217; se convirti\u00f3 en un \u00e9xito mundial y en una de las canciones m\u00e1s versionadas de la historia: hasta tres mil versiones en todos los idiomas imaginables y con cantantes que van de Juliette Gr\u00e9co a Sting, de Nina Simone a Ray Charles, de Marlene Dietrich a Frank Sinatra, de Ute Lemper a Tom Jones, de Marianne Faithfull a Charles Aznavour. La lista es alucinante. <\/DIV> <DIV class=p>Desde luego, hablamos del ejemplo m\u00e1s perfecto de emoci\u00f3n hecha dolor y de la canci\u00f3n m\u00e1s bella, \u00edntima, tr\u00e1gica, desesperada, conmovedora, desgarradora y misteriosa jam\u00e1s escrita. La m\u00e1s hermosa canci\u00f3n de amor aunque Brel lleg\u00f3 a decir que no era una canci\u00f3n de amor sino una \u00abchanson de l\u00e2chet\u00e9\u00bb, de cobard\u00eda, una parodia del enamorado agonizante y llor\u00f3n. Edith Piaf, cuando la escuch\u00f3, coment\u00f3 que \u00abun hombre no deber\u00eda cantar cosas as\u00ed\u00bb. No parec\u00eda estar muy bien visto contemplar a un hombre rogando, suplicando y llorando por culpa de una mujer. A los que nunca tuvieron el privilegio de amar y desamar, y volver a amar, y ser rechazados, les parec\u00eda humillante la reacci\u00f3n de Jacques Brel. \u00bfC\u00f3mo hablarles de los hombres que mueren por exceso de amor, de los que son capaces de ofrecer perlas de lluvia venidas de pa\u00edses en donde no llueve o de escarbar la tierra para cubrir el cuerpo de la amada de oro y luz? De los que inventamos palabras absurdas que s\u00f3lo ella puede comprender y contamos historias de amantes que vieron arder sus corazones, o la de un rey que muri\u00f3 por no haber podido encontrarte. Por eso, como Jacques Brel, me escondo para mirarte bailar y sonre\u00edr, y escucharte cantar y despu\u00e9s re\u00edr. \u00bfFue tan est\u00fapido y denigrante suplicarte que no me dejaras? Yo s\u00f3lo quer\u00eda ser la sombra de tu sombra, la sombra de tu mano, la sombra de tu perro. <\/DIV> <DIV class=p><\/DIV><br \/>\n <OBJECT  height=344 width=425><PARAM NAME=\"movie\" VALUE=\"http:\/\/www.youtube.com\/v\/VzEBAX2Ohxg&#038;hl=es&#038;fs=1\"><PARAM NAME=\"allowFullScreen\" VALUE=\"true\"><PARAM NAME=\"allowscriptaccess\" VALUE=\"always\"> <embed   src=\"\/\/www.youtube.com\/v\/VzEBAX2Ohxg&#038;hl=es&#038;fs=1\" type=\"application\/x-shockwave-flash\" allowscriptaccess=\"always\" allowfullscreen=\"true\" width=\"425\" height=\"344\"><\/embed><\/OBJECT><\/p>\n","protected":false},"excerpt":{"rendered":"<p>Publicado en El Norte de Castilla el 26 de marzo de 2009. Adoro las listas. Sospecho que es una herencia m\u00e1s de mi adorado Georges Perec y una excusa perfecta para examinar mis recuerdos y ponerlos en el tendedero. Es evidente que todos tenemos nuestras preferencias y nuestras listas particulares y que, la mayor\u00eda de [&hellip;]<\/p>\n","protected":false},"author":4,"featured_media":0,"comment_status":"open","ping_status":"closed","sticky":false,"template":"","format":"standard","meta":[],"categories":[7],"tags":[],"_links":{"self":[{"href":"https:\/\/blogs.elnortedecastilla.es\/vicentealvarez\/wp-json\/wp\/v2\/posts\/534"}],"collection":[{"href":"https:\/\/blogs.elnortedecastilla.es\/vicentealvarez\/wp-json\/wp\/v2\/posts"}],"about":[{"href":"https:\/\/blogs.elnortedecastilla.es\/vicentealvarez\/wp-json\/wp\/v2\/types\/post"}],"author":[{"embeddable":true,"href":"https:\/\/blogs.elnortedecastilla.es\/vicentealvarez\/wp-json\/wp\/v2\/users\/4"}],"replies":[{"embeddable":true,"href":"https:\/\/blogs.elnortedecastilla.es\/vicentealvarez\/wp-json\/wp\/v2\/comments?post=534"}],"version-history":[{"count":0,"href":"https:\/\/blogs.elnortedecastilla.es\/vicentealvarez\/wp-json\/wp\/v2\/posts\/534\/revisions"}],"wp:attachment":[{"href":"https:\/\/blogs.elnortedecastilla.es\/vicentealvarez\/wp-json\/wp\/v2\/media?parent=534"}],"wp:term":[{"taxonomy":"category","embeddable":true,"href":"https:\/\/blogs.elnortedecastilla.es\/vicentealvarez\/wp-json\/wp\/v2\/categories?post=534"},{"taxonomy":"post_tag","embeddable":true,"href":"https:\/\/blogs.elnortedecastilla.es\/vicentealvarez\/wp-json\/wp\/v2\/tags?post=534"}],"curies":[{"name":"wp","href":"https:\/\/api.w.org\/{rel}","templated":true}]}}