{"id":545,"date":"2009-04-19T12:12:00","date_gmt":"2009-04-19T12:12:00","guid":{"rendered":"http:\/\/blogs.elnortedecastilla.es\/vicentealvarez\/?p=545"},"modified":"2009-04-19T12:12:00","modified_gmt":"2009-04-19T12:12:00","slug":"retales-una-vida","status":"publish","type":"post","link":"https:\/\/blogs.elnortedecastilla.es\/vicentealvarez\/2009\/04\/19\/retales-una-vida\/","title":{"rendered":"RETALES DE UNA VIDA"},"content":{"rendered":"<p><OBJECT  height=344 width=425><PARAM NAME=\"movie\" VALUE=\"http:\/\/www.youtube.com\/v\/5c_RFNNJXAY&#038;hl=es&#038;fs=1\"><PARAM NAME=\"allowFullScreen\" VALUE=\"true\"><PARAM NAME=\"allowscriptaccess\" VALUE=\"always\">  <embed     src=\"\/\/www.youtube.com\/v\/5c_RFNNJXAY&#038;hl=es&#038;fs=1\" type=\"application\/x-shockwave-flash\" allowscriptaccess=\"always\" allowfullscreen=\"true\" width=\"425\" height=\"344\"><\/embed><\/OBJECT><br \/>\n<SPAN style=\"FONT-SIZE: 10pt; FONT-FAMILY: Arial; mso-bidi-font-size: 12.0pt; mso-fareast-font-family: 'Times New Roman'; mso-bidi-font-family: 'Times New Roman'; mso-ansi-language: ES; mso-fareast-language: ES; mso-bidi-language: AR-SA\">Qu\u00e9 gozada el escuchar a los Celtas Cortos cuando est\u00e1s lejos de Pucela. Un ejercicio de saudade, de recuerdo a tu gente, a tus calles, a los olores de la infancia y la adolescencia: suspiros de Pucela y todas esas cosas. Esta preciosa canci\u00f3n tiene, adem\u00e1s, un plus de melancol\u00eda, una fuerte carga evocadora, una vuelta al ruedo de todo aquello que pudo haber sido y no fue (aunque sin abandonar el esp\u00edritu positivo y vital que siempre les ha caracterizado porque, como canta Cifu, \u201cs\u00f3lo recuerdo lo bueno, de lo malo nada\u201d). El subid\u00f3n de la memoria, de las miles de veces que he cruzado el t\u00fanel de las Delicias, de las im\u00e1genes de los amigos que bombardean mi mente, de ese Pasaje Guti\u00e9rrez que chisporrotea en el videoclip&#8230;. Los recuerdos al aire que me besan la cara. Los mismos recuerdos que sirven para componer una canci\u00f3n o para escribir una novela: los recuerdos de un amor perdido, las l\u00e1grimas derramadas, los sue\u00f1os rotos del coraz\u00f3n, las batallas perdidas. \u201cRetales de una vida\u201d, memorable mezcla de \u201c20 de abril\u201d y \u201cLa senda del tiempo\u201d. Una <\/SPAN><SPAN style=\"FONT-SIZE: 10pt; FONT-FAMILY: Arial; mso-bidi-font-size: 7.5pt; mso-fareast-font-family: 'Times New Roman'; mso-bidi-font-family: 'Times New Roman'; mso-ansi-language: ES; mso-fareast-language: ES; mso-bidi-language: AR-SA\">vuelta a los or\u00edgenes que es como una vuelta a casa, aunque sea un d\u00eda imposible como el 40 de abril.<\/SPAN><\/p>\n","protected":false},"excerpt":{"rendered":"<p>Qu\u00e9 gozada el escuchar a los Celtas Cortos cuando est\u00e1s lejos de Pucela. Un ejercicio de saudade, de recuerdo a tu gente, a tus calles, a los olores de la infancia y la adolescencia: suspiros de Pucela y todas esas cosas. Esta preciosa canci\u00f3n tiene, adem\u00e1s, un plus de melancol\u00eda, una fuerte carga evocadora, una [&hellip;]<\/p>\n","protected":false},"author":4,"featured_media":0,"comment_status":"open","ping_status":"closed","sticky":false,"template":"","format":"standard","meta":[],"categories":[13],"tags":[],"_links":{"self":[{"href":"https:\/\/blogs.elnortedecastilla.es\/vicentealvarez\/wp-json\/wp\/v2\/posts\/545"}],"collection":[{"href":"https:\/\/blogs.elnortedecastilla.es\/vicentealvarez\/wp-json\/wp\/v2\/posts"}],"about":[{"href":"https:\/\/blogs.elnortedecastilla.es\/vicentealvarez\/wp-json\/wp\/v2\/types\/post"}],"author":[{"embeddable":true,"href":"https:\/\/blogs.elnortedecastilla.es\/vicentealvarez\/wp-json\/wp\/v2\/users\/4"}],"replies":[{"embeddable":true,"href":"https:\/\/blogs.elnortedecastilla.es\/vicentealvarez\/wp-json\/wp\/v2\/comments?post=545"}],"version-history":[{"count":0,"href":"https:\/\/blogs.elnortedecastilla.es\/vicentealvarez\/wp-json\/wp\/v2\/posts\/545\/revisions"}],"wp:attachment":[{"href":"https:\/\/blogs.elnortedecastilla.es\/vicentealvarez\/wp-json\/wp\/v2\/media?parent=545"}],"wp:term":[{"taxonomy":"category","embeddable":true,"href":"https:\/\/blogs.elnortedecastilla.es\/vicentealvarez\/wp-json\/wp\/v2\/categories?post=545"},{"taxonomy":"post_tag","embeddable":true,"href":"https:\/\/blogs.elnortedecastilla.es\/vicentealvarez\/wp-json\/wp\/v2\/tags?post=545"}],"curies":[{"name":"wp","href":"https:\/\/api.w.org\/{rel}","templated":true}]}}