{"id":550,"date":"2009-04-30T10:03:00","date_gmt":"2009-04-30T10:03:00","guid":{"rendered":"http:\/\/blogs.elnortedecastilla.es\/vicentealvarez\/?p=550"},"modified":"2009-04-30T10:03:00","modified_gmt":"2009-04-30T10:03:00","slug":"no-es-momento-que-alguien-grite-corten","status":"publish","type":"post","link":"https:\/\/blogs.elnortedecastilla.es\/vicentealvarez\/2009\/04\/30\/no-es-momento-que-alguien-grite-corten\/","title":{"rendered":"\u00bfNO ES EL MOMENTO DE QUE ALGUIEN GRITE \u00a1CORTEN!?"},"content":{"rendered":"<p>Publicado en El Norte de Castilla el 30 de abril de 2009.<\/p>\n<p> <DIV class=p>Acabo de leer una noticia muy preocupante. Dice que Valladolid es la ciudad de Espa\u00f1a donde menos se condena por violencia machista. \u00danicamente un 28% de los hombres que se sentaron en el banquillo fueron declarados culpables (de hecho, en el \u00faltimo trimestre s\u00f3lo uno de los treinta hombres juzgados fue condenado: el porcentaje m\u00e1s bajo, con diferencia, del pa\u00eds). La media en el resto del territorio nacional se situ\u00f3 en el 75% y en algunas ciudades de Castilla y Le\u00f3n sobrepas\u00f3 el 95%. \u00bfA qu\u00e9 se debe esta diferencia abismal entre el porcentaje de Valladolid y los del resto de las provincias? El presidente de la Audiencia Provincial justifica estos datos con aquello de que es muy dif\u00edcil demostrar los malos tratos psicol\u00f3gicos. No opina lo mismo la presidenta de la Asociaci\u00f3n de Asistencia a V\u00edctimas de Agresiones Sexuales y Malos Tratos quien insiste en la poca sensibilidad de los jueces y de paso afirma con rotundidad que &#8220;cada absoluci\u00f3n es un paso atr\u00e1s para animar a que las v\u00edctimas denuncien&#8221;. <\/DIV> <DIV class=p>La violencia machista, guste o no, es el s\u00edmbolo m\u00e1s irracional y cruel de la desigualdad social. Adem\u00e1s, esta mala noticia coincide con la censura en Gran Breta\u00f1a de un anuncio contra la violencia machista, una censura a la que cre\u00edamos haber vencido pero que trabaja infatigablemente en la sombra a las \u00f3rdenes de esa cosita tan cabrona de lo pol\u00edticamente correcto. En el Reino Unido el problema ha alcanzado tales cotas (dos mujeres mueren a la semana por violencia dom\u00e9stica) que se encarg\u00f3 a Joe Wright, director de &#8216;Expiaci\u00f3n&#8217; y de &#8216;Orgullo y Prejuicio&#8217;, el rodaje de un &#8216;spot&#8217; de dos minutos para ser emitido por todas las cadenas de televisi\u00f3n. Por desgracia, el organismo encargado de supervisar el contenido de los anuncios publicitarios ha censurado el spot por ser \u00abexcesivamente violento\u00bb. En \u00e9l, Keira Knightley interpreta a una actriz que vuelve a casa tras una jornada de rodaje y se encuentra con su pareja quien le acusa de mantener una relaci\u00f3n con un compa\u00f1ero de trabajo. \u00c9l le grita y le tira un trapo a la cara. Keira, sorprendida, mira hacia otro lado y, como dirigi\u00e9ndose al supuesto director del anuncio, dice: \u00abPerdona, pero esto no es lo acordado, esto no estaba en el gui\u00f3n\u00bb. Lo hace justo antes de que le empiecen a llover golpes y patadas. En ese momento, la c\u00e1mara se va alejando del escenario, en una especie de travelling de cobard\u00eda, y vemos que se quedan solos, abandonados por todos, en mitad de un set de rodaje. Es entonces cuando la pantalla nos escupe un mensaje que es algo as\u00ed como la voz de nuestra conciencia o de nuestra mala conciencia: \u00ab\u00bfNo es el momento de que alguien grite &#8216;corten&#8217;\u00bb? Desgraciadamente, esto no es una pel\u00edcula. Ocurre todos los d\u00edas. Y lo que se ve en el anuncio no es nada comparado con la realidad. A los censores, en cambio, les parece muy violento. Tal vez esperaban un anuncio a lo Walt Disney con cervatillos y sirenitas. No s\u00e9 qu\u00e9 es mejor si vivir escandalizado o vivir felices dentro de una mentira. \u00bfNo se ven cosas mucho peores todos los d\u00edas en la televisi\u00f3n? \u00bfSeguimos mirando para otro lado, censurando anuncios y siendo los m\u00e1s comprensivos del mundo mundial? <\/DIV> <DIV class=p><\/DIV> <DIV class=p><\/DIV><br \/>\n <OBJECT  height=344 width=425><PARAM NAME=\"movie\" VALUE=\"http:\/\/www.youtube.com\/v\/rt7JZSrDJA8&#038;hl=es&#038;fs=1\"><PARAM NAME=\"allowFullScreen\" VALUE=\"true\"><PARAM NAME=\"allowscriptaccess\" VALUE=\"always\">  <embed     src=\"\/\/www.youtube.com\/v\/rt7JZSrDJA8&#038;hl=es&#038;fs=1\" type=\"application\/x-shockwave-flash\" allowscriptaccess=\"always\" allowfullscreen=\"true\" width=\"425\" height=\"344\"><\/embed><\/OBJECT><\/p>\n","protected":false},"excerpt":{"rendered":"<p>Publicado en El Norte de Castilla el 30 de abril de 2009. Acabo de leer una noticia muy preocupante. Dice que Valladolid es la ciudad de Espa\u00f1a donde menos se condena por violencia machista. \u00danicamente un 28% de los hombres que se sentaron en el banquillo fueron declarados culpables (de hecho, en el \u00faltimo trimestre [&hellip;]<\/p>\n","protected":false},"author":4,"featured_media":0,"comment_status":"open","ping_status":"closed","sticky":false,"template":"","format":"standard","meta":[],"categories":[7],"tags":[],"_links":{"self":[{"href":"https:\/\/blogs.elnortedecastilla.es\/vicentealvarez\/wp-json\/wp\/v2\/posts\/550"}],"collection":[{"href":"https:\/\/blogs.elnortedecastilla.es\/vicentealvarez\/wp-json\/wp\/v2\/posts"}],"about":[{"href":"https:\/\/blogs.elnortedecastilla.es\/vicentealvarez\/wp-json\/wp\/v2\/types\/post"}],"author":[{"embeddable":true,"href":"https:\/\/blogs.elnortedecastilla.es\/vicentealvarez\/wp-json\/wp\/v2\/users\/4"}],"replies":[{"embeddable":true,"href":"https:\/\/blogs.elnortedecastilla.es\/vicentealvarez\/wp-json\/wp\/v2\/comments?post=550"}],"version-history":[{"count":0,"href":"https:\/\/blogs.elnortedecastilla.es\/vicentealvarez\/wp-json\/wp\/v2\/posts\/550\/revisions"}],"wp:attachment":[{"href":"https:\/\/blogs.elnortedecastilla.es\/vicentealvarez\/wp-json\/wp\/v2\/media?parent=550"}],"wp:term":[{"taxonomy":"category","embeddable":true,"href":"https:\/\/blogs.elnortedecastilla.es\/vicentealvarez\/wp-json\/wp\/v2\/categories?post=550"},{"taxonomy":"post_tag","embeddable":true,"href":"https:\/\/blogs.elnortedecastilla.es\/vicentealvarez\/wp-json\/wp\/v2\/tags?post=550"}],"curies":[{"name":"wp","href":"https:\/\/api.w.org\/{rel}","templated":true}]}}