{"id":553,"date":"2009-05-07T10:04:00","date_gmt":"2009-05-07T10:04:00","guid":{"rendered":"http:\/\/blogs.elnortedecastilla.es\/vicentealvarez\/?p=553"},"modified":"2009-05-07T10:04:00","modified_gmt":"2009-05-07T10:04:00","slug":"el-cafe-espana","status":"publish","type":"post","link":"https:\/\/blogs.elnortedecastilla.es\/vicentealvarez\/2009\/05\/07\/el-cafe-espana\/","title":{"rendered":"EL CAF\u00c9 ESPA\u00d1A"},"content":{"rendered":"<p><IMG class=imgizqda id=img_0 src=\"\/vicentealvarez\/wp-content\/uploads\/sites\/3\">Publicado en El Norte de Castilla el 7 de mayo de 2009.<\/p>\n<p> <DIV class=text> <DIV class=barhead> <DIV class=ln id=story-entradilla><\/DIV><\/DIV> <DIV class=p id=story-texto> <DIV class=p>Era un templo de la cultura, un lugar m\u00edtico, un referente m\u00e1gico, uno de los pocos sitios donde se pod\u00eda tomar un caf\u00e9 tranquilamente, charlar con los amigos y paladear actuaciones musicales de todo tipo. Para m\u00ed era, adem\u00e1s, el sitio donde present\u00e9 mi \u00faltima novela. Un caluroso d\u00eda de julio del 2007, acompa\u00f1ado de amigos y de Miles Davis, &#8216;El Necronomic\u00f3n nazi&#8217; vio la luz y Ariel Conceiro se tom\u00f3 una copa de Vega Sicilia en un rinc\u00f3n del lugar de tertulia, caf\u00e9 y buena m\u00fasica m\u00e1s importante de la ciudad. Durante los \u00faltimos dieciocho a\u00f1os, el Caf\u00e9 Espa\u00f1a nos hab\u00eda regalado una programaci\u00f3n musical intensiva y exquisita: m\u00e1s de dos mil conciertos contemplan la historia del Espa\u00f1a y, con su cierre (intempestivo, traicionero y noct\u00e1mbulo), desaparece de golpe un trocito muy importante de la historia musical de Pucela. Por su escenario pasaron algunos de los m\u00e1s importantes m\u00fasicos del mundo del blues, del rock o del folk, gente de fuera y de dentro, cantautores reconocidos y tambi\u00e9n bandas locales que comenzaban su carrera. Los mejores flamenquitos pasearon su cante, su toque y su misterio por el Caf\u00e9 Espa\u00f1a y en el Caf\u00e9 Espa\u00f1a grab\u00f3 Javier Krahe su disco en directo, &#8216;Querencias y extrav\u00edos&#8217;. Aunque, claro, siempre recordaremos el ciclo Jazz desde Valladolid que, organizado semanalmente, nos acerc\u00f3 a algunos de los m\u00e1s selectos jazzmen tanto espa\u00f1oles como internacionales. Todo queda en la memoria. No nos queda otro remedio. Como esos amores que se pierden y no se olvidan en la vida. Pocas cosas hay m\u00e1s cercanas a los recuerdos que el eco de una m\u00fasica evocadora, esa extra\u00f1a pobladora de soledades que, mientras tom\u00e1bamos un caf\u00e9, una cerveza o un whisky, nos descubr\u00eda una frontera sonora desconocida por estos lares y situada en las ant\u00edpodas de los 40 principales y excrecencias similares. En el Caf\u00e9 Espa\u00f1a no o\u00edamos la m\u00fasica, la ve\u00edamos. Como en un pase de magia perfectamente orquestado nos traslad\u00e1bamos del provinciano Valladolid a la pecadora Nueva Orleans. Todo ello sin movernos de la vieja Plaza de la Fuente Dorada. El milagro del Cotton Club a las orillas del Pisuerga. Noches inolvidables, milagros nocturnos al calor del aroma de un buen caf\u00e9, mesas de m\u00e1rmol, evocaci\u00f3n art-deco y esp\u00edritu centenario. Todo ello flotaba en el ambiente dentro de una peculiar liturgia que ya nunca volver\u00e1. Alguien dijo que \u00abse cambia m\u00e1s f\u00e1cilmente de religi\u00f3n que de caf\u00e9\u00bb. Hoy el caf\u00e9 amargo del Jazz con may\u00fasculas anda en busca de nuevos espacios. No s\u00e9 de qui\u00e9n habr\u00e1 sido la culpa de esta ejecuci\u00f3n silenciosa pero lo \u00fanico que parece evidente es que la ciudad se est\u00e1 apagando a nivel cultural. Tal vez dentro de unos meses, en el lugar del Caf\u00e9 Espa\u00f1a se inaugure un ap\u00e9ndice de la vecina Caja de Ahorros, o abra sus puertas un nuevo Burger King, o las taquillas-reclamo del Valladolid Latino. Es el signo de los nuevos tiempos. Pucela se apaga culturalmente y nadie hace nada. Los locales cierran (hace bien poco el Harlem tambi\u00e9n nos abandon\u00f3) y la ciudad deja de oler a jazz y a milagros nocturnos con aroma a caf\u00e9. Aun as\u00ed, la trompeta de Miles ya ha escupido un r\u00e9quiem de agradecimiento y Valladolid no cierra. Aunque a algunos les gustar\u00eda.<\/DIV><\/DIV><\/DIV><\/p>\n","protected":false},"excerpt":{"rendered":"<p>Publicado en El Norte de Castilla el 7 de mayo de 2009. Era un templo de la cultura, un lugar m\u00edtico, un referente m\u00e1gico, uno de los pocos sitios donde se pod\u00eda tomar un caf\u00e9 tranquilamente, charlar con los amigos y paladear actuaciones musicales de todo tipo. Para m\u00ed era, adem\u00e1s, el sitio donde present\u00e9 [&hellip;]<\/p>\n","protected":false},"author":4,"featured_media":0,"comment_status":"open","ping_status":"closed","sticky":false,"template":"","format":"standard","meta":[],"categories":[7],"tags":[],"_links":{"self":[{"href":"https:\/\/blogs.elnortedecastilla.es\/vicentealvarez\/wp-json\/wp\/v2\/posts\/553"}],"collection":[{"href":"https:\/\/blogs.elnortedecastilla.es\/vicentealvarez\/wp-json\/wp\/v2\/posts"}],"about":[{"href":"https:\/\/blogs.elnortedecastilla.es\/vicentealvarez\/wp-json\/wp\/v2\/types\/post"}],"author":[{"embeddable":true,"href":"https:\/\/blogs.elnortedecastilla.es\/vicentealvarez\/wp-json\/wp\/v2\/users\/4"}],"replies":[{"embeddable":true,"href":"https:\/\/blogs.elnortedecastilla.es\/vicentealvarez\/wp-json\/wp\/v2\/comments?post=553"}],"version-history":[{"count":0,"href":"https:\/\/blogs.elnortedecastilla.es\/vicentealvarez\/wp-json\/wp\/v2\/posts\/553\/revisions"}],"wp:attachment":[{"href":"https:\/\/blogs.elnortedecastilla.es\/vicentealvarez\/wp-json\/wp\/v2\/media?parent=553"}],"wp:term":[{"taxonomy":"category","embeddable":true,"href":"https:\/\/blogs.elnortedecastilla.es\/vicentealvarez\/wp-json\/wp\/v2\/categories?post=553"},{"taxonomy":"post_tag","embeddable":true,"href":"https:\/\/blogs.elnortedecastilla.es\/vicentealvarez\/wp-json\/wp\/v2\/tags?post=553"}],"curies":[{"name":"wp","href":"https:\/\/api.w.org\/{rel}","templated":true}]}}