{"id":555,"date":"2009-05-09T13:24:00","date_gmt":"2009-05-09T13:24:00","guid":{"rendered":"http:\/\/blogs.elnortedecastilla.es\/vicentealvarez\/?p=555"},"modified":"2009-05-09T13:24:00","modified_gmt":"2009-05-09T13:24:00","slug":"sin-sepas-mi","status":"publish","type":"post","link":"https:\/\/blogs.elnortedecastilla.es\/vicentealvarez\/2009\/05\/09\/sin-sepas-mi\/","title":{"rendered":"SIN QUE SEPAS DE M\u00cd"},"content":{"rendered":"<p><P class=MsoNormal style=\"MARGIN: 0cm 0cm 0pt\"><SPAN style=\"FONT-SIZE: 10pt; FONT-FAMILY: Arial\">Es una pena pero los poemas con decibelios no se llevan bien. Aun as\u00ed, la gente canta, baila y grita los poemas con pasi\u00f3n. Se agradece. Como tambi\u00e9n la entrega de Manolo Garc\u00eda y del resto de los m\u00fasicos. A pesar de la deplorable ac\u00fastica del Polideportivo Huerta del Rey, Manolo Garc\u00eda triunf\u00f3 y dio la vuelta al ruedo. Nos llam\u00f3 a las filas de <?xml:namespace prefix = st1 ns = \"urn:schemas-microsoft-com:office:smarttags\" \/><st1:PersonName ProductID=\"la Insurrecci\u00f3n\" w:st=\"on\">la Insurrecci\u00f3n<\/st1:PersonName>, pase\u00f3 entre el p\u00fablico y nos despidi\u00f3, c\u00f3mo no, con una ranchera.<?xml:namespace prefix = o ns = \"urn:schemas-microsoft-com:office:office\" \/><o:p><\/o:p><\/SPAN><\/p>\n<p> <P class=MsoNormal style=\"MARGIN: 0cm 0cm 0pt\"><SPAN style=\"FONT-SIZE: 10pt; FONT-FAMILY: Arial\">\u201cSin que sepas de m\u00ed\u201d no estuvo entre las elegidas pero yo la rescato como monumento de saudade y porque, como ya he dicho en otras ocasiones, Manolo Garc\u00eda me roba los versos del cuore y me quita las palabras de la boca. Salud y hasta pronto, Manolito.<o:p><\/o:p><\/SPAN><\/p>\n<p> <OBJECT  height=344 width=425><PARAM NAME=\"movie\" VALUE=\"http:\/\/www.youtube.com\/v\/6jmDir3-POs&#038;hl=es&#038;fs=1\"><PARAM NAME=\"allowFullScreen\" VALUE=\"true\"><PARAM NAME=\"allowscriptaccess\" VALUE=\"always\">  <embed     src=\"\/\/www.youtube.com\/v\/6jmDir3-POs&#038;hl=es&#038;fs=1\" type=\"application\/x-shockwave-flash\" allowscriptaccess=\"always\" allowfullscreen=\"true\" width=\"425\" height=\"344\"><\/embed><\/OBJECT><br \/>\n <P class=MsoNormal style=\"MARGIN: 0cm 0cm 0pt\"><SPAN style=\"FONT-SIZE: 10pt; FONT-FAMILY: Arial\">No puedo obligarte a que me quieras,<br \/>\nsabe dios que no puedo dejar de quererte.<br \/>\nLa espina del dolor rasga mi pecho,<br \/>\ns\u00e9 que no te alejar\u00e1 la niebla de los d\u00edas.<br \/>\nNo hay un solo motivo por el que quiera olvidarte,<br \/>\nser\u00e9, sin molestarte, sin que sepas de m\u00ed,<br \/>\ngozne que har\u00e1 girar la puerta de tu sue\u00f1o.<br \/>\nS\u00e9 que no me olvidar\u00e1s,<br \/>\ns\u00e9 que no te olvidar\u00e9 en la niebla de los d\u00edas.<o:p><\/o:p><\/SPAN><\/p>\n<p> <P class=MsoNormal style=\"MARGIN: 0cm 0cm 0pt\"><SPAN style=\"FONT-SIZE: 10pt; FONT-FAMILY: Arial; mso-fareast-font-family: 'Times New Roman'; mso-bidi-font-family: 'Times New Roman'; mso-ansi-language: ES; mso-fareast-language: ES; mso-bidi-language: AR-SA\">Ser\u00e9, sin que sepas de m\u00ed,<br \/>\nser\u00e9 lo que yo quiera ser,<br \/>\nel deseo en los besos que des,<br \/>\nser\u00e9 lo que t\u00fa quieras ser,<br \/>\nser\u00e9 sin que sepas de m\u00ed,<br \/>\nel guante que cubra tu mano,<br \/>\nla mano que ara\u00f1a tu espalda,<br \/>\nalfanje a tu cuerpo ce\u00f1ido,<br \/>\nser\u00e9 en tus labios su fina curva.<\/SPAN><SPAN style=\"FONT-SIZE: 11pt; FONT-FAMILY: 'Times New Roman'; mso-fareast-font-family: 'Times New Roman'; mso-ansi-language: ES; mso-fareast-language: ES; mso-bidi-language: AR-SA\"> <\/SPAN><\/p>\n","protected":false},"excerpt":{"rendered":"<p>Es una pena pero los poemas con decibelios no se llevan bien. Aun as\u00ed, la gente canta, baila y grita los poemas con pasi\u00f3n. Se agradece. Como tambi\u00e9n la entrega de Manolo Garc\u00eda y del resto de los m\u00fasicos. A pesar de la deplorable ac\u00fastica del Polideportivo Huerta del Rey, Manolo Garc\u00eda triunf\u00f3 y dio [&hellip;]<\/p>\n","protected":false},"author":4,"featured_media":0,"comment_status":"open","ping_status":"closed","sticky":false,"template":"","format":"standard","meta":[],"categories":[13],"tags":[97],"_links":{"self":[{"href":"https:\/\/blogs.elnortedecastilla.es\/vicentealvarez\/wp-json\/wp\/v2\/posts\/555"}],"collection":[{"href":"https:\/\/blogs.elnortedecastilla.es\/vicentealvarez\/wp-json\/wp\/v2\/posts"}],"about":[{"href":"https:\/\/blogs.elnortedecastilla.es\/vicentealvarez\/wp-json\/wp\/v2\/types\/post"}],"author":[{"embeddable":true,"href":"https:\/\/blogs.elnortedecastilla.es\/vicentealvarez\/wp-json\/wp\/v2\/users\/4"}],"replies":[{"embeddable":true,"href":"https:\/\/blogs.elnortedecastilla.es\/vicentealvarez\/wp-json\/wp\/v2\/comments?post=555"}],"version-history":[{"count":0,"href":"https:\/\/blogs.elnortedecastilla.es\/vicentealvarez\/wp-json\/wp\/v2\/posts\/555\/revisions"}],"wp:attachment":[{"href":"https:\/\/blogs.elnortedecastilla.es\/vicentealvarez\/wp-json\/wp\/v2\/media?parent=555"}],"wp:term":[{"taxonomy":"category","embeddable":true,"href":"https:\/\/blogs.elnortedecastilla.es\/vicentealvarez\/wp-json\/wp\/v2\/categories?post=555"},{"taxonomy":"post_tag","embeddable":true,"href":"https:\/\/blogs.elnortedecastilla.es\/vicentealvarez\/wp-json\/wp\/v2\/tags?post=555"}],"curies":[{"name":"wp","href":"https:\/\/api.w.org\/{rel}","templated":true}]}}