{"id":56,"date":"2007-02-05T15:16:00","date_gmt":"2007-02-05T15:16:00","guid":{"rendered":"http:\/\/blogs.elnortedecastilla.es\/vicentealvarez\/?p=56"},"modified":"2007-02-05T15:16:00","modified_gmt":"2007-02-05T15:16:00","slug":"el-beso-escarlata","status":"publish","type":"post","link":"https:\/\/blogs.elnortedecastilla.es\/vicentealvarez\/2007\/02\/05\/el-beso-escarlata\/","title":{"rendered":"EL BESO ESCARLATA"},"content":{"rendered":"<p><IMG src=\"\/vicentealvarez\/files\/mini-el-beso.jpg\" width=\"450\" height=\"220\" class=\"imgcen\" \/><br \/>\n(caligraf\u00eda g\u00f3tica + fotograf\u00eda de <em>El beso <\/em>+ letra escarlata + dedicatoria de G\u00aa Montero = el beso escarlata)<\/p>\n","protected":false},"excerpt":{"rendered":"<p>(caligraf\u00eda g\u00f3tica + fotograf\u00eda de El beso + letra escarlata + dedicatoria de G\u00aa Montero = el beso escarlata)<\/p>\n","protected":false},"author":4,"featured_media":0,"comment_status":"open","ping_status":"closed","sticky":false,"template":"","format":"standard","meta":[],"categories":[4],"tags":[],"_links":{"self":[{"href":"https:\/\/blogs.elnortedecastilla.es\/vicentealvarez\/wp-json\/wp\/v2\/posts\/56"}],"collection":[{"href":"https:\/\/blogs.elnortedecastilla.es\/vicentealvarez\/wp-json\/wp\/v2\/posts"}],"about":[{"href":"https:\/\/blogs.elnortedecastilla.es\/vicentealvarez\/wp-json\/wp\/v2\/types\/post"}],"author":[{"embeddable":true,"href":"https:\/\/blogs.elnortedecastilla.es\/vicentealvarez\/wp-json\/wp\/v2\/users\/4"}],"replies":[{"embeddable":true,"href":"https:\/\/blogs.elnortedecastilla.es\/vicentealvarez\/wp-json\/wp\/v2\/comments?post=56"}],"version-history":[{"count":0,"href":"https:\/\/blogs.elnortedecastilla.es\/vicentealvarez\/wp-json\/wp\/v2\/posts\/56\/revisions"}],"wp:attachment":[{"href":"https:\/\/blogs.elnortedecastilla.es\/vicentealvarez\/wp-json\/wp\/v2\/media?parent=56"}],"wp:term":[{"taxonomy":"category","embeddable":true,"href":"https:\/\/blogs.elnortedecastilla.es\/vicentealvarez\/wp-json\/wp\/v2\/categories?post=56"},{"taxonomy":"post_tag","embeddable":true,"href":"https:\/\/blogs.elnortedecastilla.es\/vicentealvarez\/wp-json\/wp\/v2\/tags?post=56"}],"curies":[{"name":"wp","href":"https:\/\/api.w.org\/{rel}","templated":true}]}}